{"id":19979,"date":"2018-05-29T10:54:11","date_gmt":"2018-05-29T08:54:11","guid":{"rendered":"http:\/\/www.messinaoggi.it\/website\/?p=19979"},"modified":"2018-05-29T10:54:11","modified_gmt":"2018-05-29T08:54:11","slug":"aiga-messina-come-bari-uffici-giudiziari-parzialmente-inagibili-da-diversi-anni","status":"publish","type":"post","link":"https:\/\/www.messinaoggi.it\/website\/2018\/05\/29\/aiga-messina-come-bari-uffici-giudiziari-parzialmente-inagibili-da-diversi-anni\/","title":{"rendered":"Aiga: &quot;Messina come Bari, uffici giudiziari parzialmente inagibili da diversi anni&quot;"},"content":{"rendered":"<p>&#8220;Quanto avvenuto a Bari \u00e8 di una gravit\u00e0\u00a0estrema, ma problemi del genere rischiano di registrarsi anche a\u00a0Messina&#8221;. Lo denuncia l&#8217;Associazione nazionale giovani avvocati. Secondo il presidente nazionale, Alberto Vermiglio e il presidente provinciale, Giuseppe Irrera, &#8220;la questione riguarda soprattutto la struttura che ospita gli uffici del Giudice di pace in via Malvizzi&#8221;. Nei mesi scorsi ci siamo anche occupati dell&#8217;invasione di topi al Tribunale di Messina.<br \/>\n&#8220;A Bari &#8211; ricorda Vermiglio &#8211; abbiamo dovuto vedere container e tende fuori dal Palazzo di Giustizia e sar\u00e0 quello il luogo dove verr\u00e0 amministrata la giustizia in una delle pi\u00f9 importanti citt\u00e0 del sud Italia.<br \/>\nE&#8217; un problema per il governo, per noi professionisti e in genere per la societ\u00e0 civile. Serve una soluzione rapida soprattutto se bisogna assicurare il funzionamento degli uffici giudiziari&#8221;. &#8220;Ma da Bari a\u00a0Messina lo spartito non sembra cambiare.<br \/>\nA\u00a0Messina &#8211; spiegano Vermiglio e Irrera &#8211; abbiamo una situazione del tutto speculare a quella di Bari, soprattutto con i locali presso i quali si svolgono le attivit\u00e0 di udienza e cancelleria del Giudice di pace. Da molti anni ormai sono parzialmente inagibili senza che le Amministrazioni che si sono susseguite, o i Governi, abbiano preso di petto la questione. La nostra paura \u00e8 che ci si ritrovi, tra poco, come a Bari, per strada senza avere la possibilit\u00e0 di dire di chi \u00e8 la colpa&#8221;.<div id=\"div-gpt-ad-Messinaoggi.it-DSK-300x250-corpoart\" style=\"text-align:center;margin:0 auto;\"><\/div><\/p>\n<div id=\"videoincontent\" style=\"clear:both\";><\/div>","protected":false},"excerpt":{"rendered":"<p>&#8220;Quanto avvenuto a Bari \u00e8 di una gravit\u00e0\u00a0estrema, ma problemi del genere rischiano di registrarsi anche a\u00a0Messina&#8221;. Lo denuncia l&#8217;Associazione nazionale giovani avvocati. Secondo il presidente nazionale, Alberto Vermiglio e il presidente provinciale, Giuseppe Irrera, &#8220;la questione riguarda soprattutto la struttura che ospita gli uffici del Giudice di pace in via Malvizzi&#8221;. Nei mesi scorsi [&hellip;]<\/p>\n","protected":false},"author":4,"featured_media":17608,"comment_status":"closed","ping_status":"open","sticky":false,"template":"","format":"standard","meta":{"ub_ctt_via":"","_mi_skip_tracking":false},"categories":[6],"tags":[],"featured_image_src":"https:\/\/www.messinaoggi.it\/website\/wp-content\/uploads\/2018\/03\/topi-al-tribunale-1.jpg","author_info":{"display_name":"redme","author_link":"https:\/\/www.messinaoggi.it\/website\/author\/redme\/"},"digistream_id":0,"digistream":false,"_links":{"self":[{"href":"https:\/\/www.messinaoggi.it\/website\/wp-json\/wp\/v2\/posts\/19979"}],"collection":[{"href":"https:\/\/www.messinaoggi.it\/website\/wp-json\/wp\/v2\/posts"}],"about":[{"href":"https:\/\/www.messinaoggi.it\/website\/wp-json\/wp\/v2\/types\/post"}],"author":[{"embeddable":true,"href":"https:\/\/www.messinaoggi.it\/website\/wp-json\/wp\/v2\/users\/4"}],"replies":[{"embeddable":true,"href":"https:\/\/www.messinaoggi.it\/website\/wp-json\/wp\/v2\/comments?post=19979"}],"version-history":[{"count":0,"href":"https:\/\/www.messinaoggi.it\/website\/wp-json\/wp\/v2\/posts\/19979\/revisions"}],"wp:featuredmedia":[{"embeddable":true,"href":"https:\/\/www.messinaoggi.it\/website\/wp-json\/wp\/v2\/media\/17608"}],"wp:attachment":[{"href":"https:\/\/www.messinaoggi.it\/website\/wp-json\/wp\/v2\/media?parent=19979"}],"wp:term":[{"taxonomy":"category","embeddable":true,"href":"https:\/\/www.messinaoggi.it\/website\/wp-json\/wp\/v2\/categories?post=19979"},{"taxonomy":"post_tag","embeddable":true,"href":"https:\/\/www.messinaoggi.it\/website\/wp-json\/wp\/v2\/tags?post=19979"}],"curies":[{"name":"wp","href":"https:\/\/api.w.org\/{rel}","templated":true}]}}