{"id":199765,"date":"2024-05-31T12:27:15","date_gmt":"2024-05-31T10:27:15","guid":{"rendered":"http:\/\/www.messinaoggi.it\/website\/?p=199765"},"modified":"2024-05-31T12:27:17","modified_gmt":"2024-05-31T10:27:17","slug":"ponte-salvini-a-messina-obiettivo-aprire-i-cantieri-entro-lanno","status":"publish","type":"post","link":"https:\/\/www.messinaoggi.it\/website\/2024\/05\/31\/ponte-salvini-a-messina-obiettivo-aprire-i-cantieri-entro-lanno\/","title":{"rendered":"Ponte, Salvini a Messina: &#8220;Obiettivo aprire i cantieri entro l&#8217;anno&#8221;"},"content":{"rendered":"\n<p><br>&#8220;L&#8217;obiettivo dopo 50 anni di chiacchiere e di promesse non mantenute con i siciliani, i calabresi e gli italiani \u00e8 quello di aprire i cantieri del Ponte sullo stretto entro l&#8217;anno. Dal 2032 passeranno sul Ponte anche treni veloci, auto, camion. \u00c8 la rivoluzione ambientale, economica che la Sicilia aspetta da tanto e coinvolger\u00e0 tutte le imprese italiane, tutti gli ingegneri italiani e la manodopera&#8221;. Parola del ministro delle Infrastrutture Matteo Salvini, giunto a Messina per presentare il suo progetto infrastrutturale per la Sicilia.<div id=\"div-gpt-ad-Messinaoggi.it-DSK-300x250-corpoart\" style=\"text-align:center;margin:0 auto;\"><\/div><\/p>\n\n\n\n<p>&#8220;Le persone che perderanno la casa ovviamente verranno indennizzate adeguatamente e Messina varr\u00e0 molto di pi\u00f9 e sar\u00e0 agli occhi del mondo. &#8211; tranquillizza Salvini &#8211; Ho visto la collega e amica Schlein che l&#8217;altro giorno ha preso il traghetto e ha detto che \u00e8 bello andare con questo mezzo ma lo dice chi ci viene una volta l&#8217;anno. I pendolari che tutti i giorni devono passare tra Sicilia e Calabria e magari in estate ci mettono tre o quattro ore non lo ritengono cos\u00ec bello&#8221;.<div id=\"videoincontent\" style=\"clear:both\";><\/div><\/p>\n","protected":false},"excerpt":{"rendered":"<p>&#8220;L&#8217;obiettivo dopo 50 anni di chiacchiere e di promesse non mantenute con i siciliani, i calabresi e gli italiani \u00e8 quello di aprire i cantieri del Ponte sullo stretto entro l&#8217;anno. Dal 2032 passeranno sul Ponte anche treni veloci, auto, camion. \u00c8 la rivoluzione ambientale, economica che la Sicilia aspetta da tanto e coinvolger\u00e0 tutte [&hellip;]<\/p>\n","protected":false},"author":8,"featured_media":199330,"comment_status":"open","ping_status":"open","sticky":false,"template":"","format":"standard","meta":{"ub_ctt_via":"","_mi_skip_tracking":false},"categories":[19],"tags":[1035,630],"featured_image_src":"https:\/\/www.messinaoggi.it\/website\/wp-content\/uploads\/2024\/05\/20240527_2172.jpg","author_info":{"display_name":"red..me","author_link":"https:\/\/www.messinaoggi.it\/website\/author\/redstage\/"},"digistream_id":0,"digistream":false,"_links":{"self":[{"href":"https:\/\/www.messinaoggi.it\/website\/wp-json\/wp\/v2\/posts\/199765"}],"collection":[{"href":"https:\/\/www.messinaoggi.it\/website\/wp-json\/wp\/v2\/posts"}],"about":[{"href":"https:\/\/www.messinaoggi.it\/website\/wp-json\/wp\/v2\/types\/post"}],"author":[{"embeddable":true,"href":"https:\/\/www.messinaoggi.it\/website\/wp-json\/wp\/v2\/users\/8"}],"replies":[{"embeddable":true,"href":"https:\/\/www.messinaoggi.it\/website\/wp-json\/wp\/v2\/comments?post=199765"}],"version-history":[{"count":1,"href":"https:\/\/www.messinaoggi.it\/website\/wp-json\/wp\/v2\/posts\/199765\/revisions"}],"predecessor-version":[{"id":199766,"href":"https:\/\/www.messinaoggi.it\/website\/wp-json\/wp\/v2\/posts\/199765\/revisions\/199766"}],"wp:featuredmedia":[{"embeddable":true,"href":"https:\/\/www.messinaoggi.it\/website\/wp-json\/wp\/v2\/media\/199330"}],"wp:attachment":[{"href":"https:\/\/www.messinaoggi.it\/website\/wp-json\/wp\/v2\/media?parent=199765"}],"wp:term":[{"taxonomy":"category","embeddable":true,"href":"https:\/\/www.messinaoggi.it\/website\/wp-json\/wp\/v2\/categories?post=199765"},{"taxonomy":"post_tag","embeddable":true,"href":"https:\/\/www.messinaoggi.it\/website\/wp-json\/wp\/v2\/tags?post=199765"}],"curies":[{"name":"wp","href":"https:\/\/api.w.org\/{rel}","templated":true}]}}