{"id":199763,"date":"2024-05-31T11:08:03","date_gmt":"2024-05-31T09:08:03","guid":{"rendered":"https:\/\/www.messinaoggi.it\/website\/2024\/05\/31\/schlein-difendiamo-la-sanita-pubblica-da-tagli-e-privatizzazioni\/"},"modified":"2024-05-31T11:08:03","modified_gmt":"2024-05-31T09:08:03","slug":"schlein-difendiamo-la-sanita-pubblica-da-tagli-e-privatizzazioni","status":"publish","type":"post","link":"https:\/\/www.messinaoggi.it\/website\/2024\/05\/31\/schlein-difendiamo-la-sanita-pubblica-da-tagli-e-privatizzazioni\/","title":{"rendered":"Schlein \u201cDifendiamo la sanit\u00e0 pubblica da tagli e privatizzazioni\u201d"},"content":{"rendered":"<div>ROMA (ITALPRESS) &#8211; &#8220;Difendiamo la sanit\u00e0 pubblica dai tagli e dalle privatizzazioni che sta facendo il governo Meloni.<br \/>Liste d&#8217;attesa infinite e carenza di personale sanitario: vogliono una sanit\u00e0 in cui solo chi ha il portafogli abbastanza gonfio riesce a saltare l&#8217;attesa curandosi direttamente nel privato&#8221;. Lo afferma la segretaria del Partito democratico, Elly Schlein, in un video su Instagram.<br \/>&#8220;Non possiamo permetterci &#8211; aggiunge &#8211; che milioni di persone siano costrette ad aspettare anni per esami essenziali, come una mammografia o una gastroscopia. Servono pi\u00f9 investimenti per la nostra sanit\u00e0 e un centro di ricerca comune e europeo per un&#8217;Europa della salute. Questa \u00e8 l&#8217;Europa che vogliamo&#8221;.<br \/>-foto Agenzia Fotogramma- <br \/>(ITALPRESS).<\/div>\n<div id=\"div-gpt-ad-Messinaoggi.it-DSK-300x250-corpoart\" style=\"text-align:center;margin:0 auto;\"><\/div><\/p><div id=\"videoincontent\" style=\"clear:both\";><\/div>","protected":false},"excerpt":{"rendered":"<p>ROMA (ITALPRESS) &#8211; &#8220;Difendiamo la sanit\u00e0 pubblica dai tagli e dalle privatizzazioni che sta facendo il governo Meloni.Liste d&#8217;attesa infinite e carenza di personale sanitario: vogliono una sanit\u00e0 in cui solo chi ha il portafogli abbastanza gonfio riesce a saltare l&#8217;attesa curandosi direttamente nel privato&#8221;. Lo afferma la segretaria del Partito democratico, Elly Schlein, in [&hellip;]<\/p>\n","protected":false},"author":18,"featured_media":199764,"comment_status":"closed","ping_status":"closed","sticky":false,"template":"","format":"standard","meta":{"ub_ctt_via":"","_mi_skip_tracking":false},"categories":[446],"tags":[783],"featured_image_src":"https:\/\/www.messinaoggi.it\/website\/wp-content\/uploads\/2024\/05\/20240531_0159.jpg","author_info":{"display_name":"Admin","author_link":"https:\/\/www.messinaoggi.it\/website\/author\/admin\/"},"digistream_id":0,"digistream":false,"_links":{"self":[{"href":"https:\/\/www.messinaoggi.it\/website\/wp-json\/wp\/v2\/posts\/199763"}],"collection":[{"href":"https:\/\/www.messinaoggi.it\/website\/wp-json\/wp\/v2\/posts"}],"about":[{"href":"https:\/\/www.messinaoggi.it\/website\/wp-json\/wp\/v2\/types\/post"}],"author":[{"embeddable":true,"href":"https:\/\/www.messinaoggi.it\/website\/wp-json\/wp\/v2\/users\/18"}],"replies":[{"embeddable":true,"href":"https:\/\/www.messinaoggi.it\/website\/wp-json\/wp\/v2\/comments?post=199763"}],"version-history":[{"count":0,"href":"https:\/\/www.messinaoggi.it\/website\/wp-json\/wp\/v2\/posts\/199763\/revisions"}],"wp:featuredmedia":[{"embeddable":true,"href":"https:\/\/www.messinaoggi.it\/website\/wp-json\/wp\/v2\/media\/199764"}],"wp:attachment":[{"href":"https:\/\/www.messinaoggi.it\/website\/wp-json\/wp\/v2\/media?parent=199763"}],"wp:term":[{"taxonomy":"category","embeddable":true,"href":"https:\/\/www.messinaoggi.it\/website\/wp-json\/wp\/v2\/categories?post=199763"},{"taxonomy":"post_tag","embeddable":true,"href":"https:\/\/www.messinaoggi.it\/website\/wp-json\/wp\/v2\/tags?post=199763"}],"curies":[{"name":"wp","href":"https:\/\/api.w.org\/{rel}","templated":true}]}}