{"id":19976,"date":"2018-05-29T10:38:13","date_gmt":"2018-05-29T08:38:13","guid":{"rendered":"http:\/\/www.messinaoggi.it\/website\/?p=19976"},"modified":"2018-05-29T10:38:13","modified_gmt":"2018-05-29T08:38:13","slug":"senso-unico-a-san-filippo-oltre-due-anni-di-disagi","status":"publish","type":"post","link":"https:\/\/www.messinaoggi.it\/website\/2018\/05\/29\/senso-unico-a-san-filippo-oltre-due-anni-di-disagi\/","title":{"rendered":"Senso unico a San Filippo, oltre due anni di disagi"},"content":{"rendered":"<p style=\"text-align: justify\">Un caso che ha fatto scalpore e che continua a creare disagi. Era il febbraio di due anni fa, quando il Comune decise di istituire il senso unico nella strada che porta a San Filippo. Tutta colpa di alcuni vandali che hanno irrimediabilmente danneggiato gli impianti semaforici che regolavano il senso unico alternato, ma le esigue economie di Palazzo Zanca non ne permettevano la sostituzione. Da qui la scelta senza ritorno del Dipartimento di Mobilit\u00e0 di Palazzo Zanca, che ha deciso di installare il senso unico in quella strada che da Gazzi porta a San Filippo.<div id=\"div-gpt-ad-Messinaoggi.it-DSK-300x250-corpoart\" style=\"text-align:center;margin:0 auto;\"><\/div><\/p>\n<p style=\"text-align: justify\">Da oltre due anni la vita degli oltre 4mila residenti della zona \u00e8 diventata davvero complicata, perch\u00e9 per raggiungere la citt\u00e0 dai villaggi collinari devono immettersi sulla Strada Statale 114 passando da Santa Lucia sopra Contesse, allungando di circa mezz\u2019ora il proprio tragitto. All\u2019epoca ci fu un\u2019autentica levata di scudi del presidente della III Circoscrizione, Natale Cuc\u00e8, e di alcuni consiglieri comunali e circoscrizionali. Naturalmente non ci sono solo i disagi causati dall\u2019allungamento del tragitto, perch\u00e9 bisogna fare i conti anche con l\u2019isolamento delle abitazioni vicine a zone franose con i mezzi di soccorso che avrebbero grandi difficolt\u00e0 a raggiungere l\u2019intera area.<div id=\"videoincontent\" style=\"clear:both\";><\/div><\/p>\n","protected":false},"excerpt":{"rendered":"<p>Un caso che ha fatto scalpore e che continua a creare disagi. Era il febbraio di due anni fa, quando il Comune decise di istituire il senso unico nella strada che porta a San Filippo. Tutta colpa di alcuni vandali che hanno irrimediabilmente danneggiato gli impianti semaforici che regolavano il senso unico alternato, ma le [&hellip;]<\/p>\n","protected":false},"author":14,"featured_media":19977,"comment_status":"closed","ping_status":"open","sticky":false,"template":"","format":"standard","meta":{"ub_ctt_via":"","_mi_skip_tracking":false},"categories":[5],"tags":[],"featured_image_src":"https:\/\/www.messinaoggi.it\/website\/wp-content\/uploads\/2018\/05\/senso-unico-1.jpg","author_info":{"display_name":"Antonio Macauda","author_link":"https:\/\/www.messinaoggi.it\/website\/author\/a-macauda\/"},"digistream_id":0,"digistream":false,"_links":{"self":[{"href":"https:\/\/www.messinaoggi.it\/website\/wp-json\/wp\/v2\/posts\/19976"}],"collection":[{"href":"https:\/\/www.messinaoggi.it\/website\/wp-json\/wp\/v2\/posts"}],"about":[{"href":"https:\/\/www.messinaoggi.it\/website\/wp-json\/wp\/v2\/types\/post"}],"author":[{"embeddable":true,"href":"https:\/\/www.messinaoggi.it\/website\/wp-json\/wp\/v2\/users\/14"}],"replies":[{"embeddable":true,"href":"https:\/\/www.messinaoggi.it\/website\/wp-json\/wp\/v2\/comments?post=19976"}],"version-history":[{"count":0,"href":"https:\/\/www.messinaoggi.it\/website\/wp-json\/wp\/v2\/posts\/19976\/revisions"}],"wp:featuredmedia":[{"embeddable":true,"href":"https:\/\/www.messinaoggi.it\/website\/wp-json\/wp\/v2\/media\/19977"}],"wp:attachment":[{"href":"https:\/\/www.messinaoggi.it\/website\/wp-json\/wp\/v2\/media?parent=19976"}],"wp:term":[{"taxonomy":"category","embeddable":true,"href":"https:\/\/www.messinaoggi.it\/website\/wp-json\/wp\/v2\/categories?post=19976"},{"taxonomy":"post_tag","embeddable":true,"href":"https:\/\/www.messinaoggi.it\/website\/wp-json\/wp\/v2\/tags?post=19976"}],"curies":[{"name":"wp","href":"https:\/\/api.w.org\/{rel}","templated":true}]}}