{"id":199513,"date":"2024-05-29T17:08:02","date_gmt":"2024-05-29T15:08:02","guid":{"rendered":"https:\/\/www.messinaoggi.it\/website\/2024\/05\/29\/via-libera-alla-riforma-della-giustizia-nordio-provvedimento-epocale\/"},"modified":"2024-05-29T17:08:02","modified_gmt":"2024-05-29T15:08:02","slug":"via-libera-alla-riforma-della-giustizia-nordio-provvedimento-epocale","status":"publish","type":"post","link":"https:\/\/www.messinaoggi.it\/website\/2024\/05\/29\/via-libera-alla-riforma-della-giustizia-nordio-provvedimento-epocale\/","title":{"rendered":"Via libera alla riforma della giustizia, Nordio \u201cProvvedimento epocale\u201d"},"content":{"rendered":"<div>ROMA (ITALPRESS) &#8211; Via libera del Consiglio dei ministri alla<br \/>riforma della giustizia, che prevede tra l&#8217;altro la separazione delle carriere fra Pm e giudici.<br \/>&#8220;Questo epocale provvedimento epocale si articola su tre principi fondamentali: il primo \u00e8 quello della separazione delle carriere&#8221; che &#8220;faceva parte del programma elettorale&#8221;, ha detto il ministro della Giustizia, Carlo Nordio, in conferenza stampa a Palazzo Chigi dopo il Cdm.<br \/>&#8220;Non si tratta soltanto di una ottemperanza politica nei confronti dell&#8217;elettorato che ci ha dato il mandato di attuare questa riforma, al quale elettorato noi abbiamo l&#8217;obbligo di rispondere, ma c&#8217;\u00e8 anche una ragione tecnica, strutturale, dogmatica e giuridica, perch\u00e8 un processo accusatorio come quello che ha voluto il maestro Vassalli non pu\u00f2 reggere sulle fondamenta di una Costituzione che era stata scritta quando era vigente invece il processo inquisitorio voluto da Mussolini &#8211; ha spiegato Nordio -. Abbiamo dato rilevanza costituzionale al fatto che anche la magistratura requirente \u00e8, deve essere e rester\u00e0 assolutamente indipendente da qualsiasi interferenza del potere esecutivo e da qualsiasi pressione di altri organismi e gode delle stesse garanzie di indipendenza della magistratura giudicante&#8221;.<br \/>&#8220;La magistratura non deve essere indipendente soltanto dal potere esecutivo e dal potere legislativo: deve essere indipendente anche da s\u00e8 stessa. Non sempre i magistrati che pure sono indipendenti dal governo e dal Parlamento sono in realt\u00e0 indipendenti dalle varie pressioni nell&#8217;ambito dell&#8217;associazione alla quale partecipano&#8221;, ha sottolineato il Guardasigilli.<div id=\"div-gpt-ad-Messinaoggi.it-DSK-300x250-corpoart\" style=\"text-align:center;margin:0 auto;\"><\/div><\/p>\n<p>&#8211; Foto: Agenzia Fotogramma &#8211;<div id=\"videoincontent\" style=\"clear:both\";><\/div><\/p>\n<p>(ITALPRESS).<\/p><\/div>\n","protected":false},"excerpt":{"rendered":"<p>ROMA (ITALPRESS) &#8211; Via libera del Consiglio dei ministri allariforma della giustizia, che prevede tra l&#8217;altro la separazione delle carriere fra Pm e giudici.&#8220;Questo epocale provvedimento epocale si articola su tre principi fondamentali: il primo \u00e8 quello della separazione delle carriere&#8221; che &#8220;faceva parte del programma elettorale&#8221;, ha detto il ministro della Giustizia, Carlo Nordio, [&hellip;]<\/p>\n","protected":false},"author":18,"featured_media":199514,"comment_status":"closed","ping_status":"closed","sticky":false,"template":"","format":"standard","meta":{"ub_ctt_via":"","_mi_skip_tracking":false},"categories":[446],"tags":[783],"featured_image_src":"https:\/\/www.messinaoggi.it\/website\/wp-content\/uploads\/2024\/05\/20240529_1016.jpg","author_info":{"display_name":"Admin","author_link":"https:\/\/www.messinaoggi.it\/website\/author\/admin\/"},"digistream_id":0,"digistream":false,"_links":{"self":[{"href":"https:\/\/www.messinaoggi.it\/website\/wp-json\/wp\/v2\/posts\/199513"}],"collection":[{"href":"https:\/\/www.messinaoggi.it\/website\/wp-json\/wp\/v2\/posts"}],"about":[{"href":"https:\/\/www.messinaoggi.it\/website\/wp-json\/wp\/v2\/types\/post"}],"author":[{"embeddable":true,"href":"https:\/\/www.messinaoggi.it\/website\/wp-json\/wp\/v2\/users\/18"}],"replies":[{"embeddable":true,"href":"https:\/\/www.messinaoggi.it\/website\/wp-json\/wp\/v2\/comments?post=199513"}],"version-history":[{"count":0,"href":"https:\/\/www.messinaoggi.it\/website\/wp-json\/wp\/v2\/posts\/199513\/revisions"}],"wp:featuredmedia":[{"embeddable":true,"href":"https:\/\/www.messinaoggi.it\/website\/wp-json\/wp\/v2\/media\/199514"}],"wp:attachment":[{"href":"https:\/\/www.messinaoggi.it\/website\/wp-json\/wp\/v2\/media?parent=199513"}],"wp:term":[{"taxonomy":"category","embeddable":true,"href":"https:\/\/www.messinaoggi.it\/website\/wp-json\/wp\/v2\/categories?post=199513"},{"taxonomy":"post_tag","embeddable":true,"href":"https:\/\/www.messinaoggi.it\/website\/wp-json\/wp\/v2\/tags?post=199513"}],"curies":[{"name":"wp","href":"https:\/\/api.w.org\/{rel}","templated":true}]}}