{"id":199491,"date":"2024-05-29T15:08:03","date_gmt":"2024-05-29T13:08:03","guid":{"rendered":"https:\/\/www.messinaoggi.it\/website\/2024\/05\/29\/irccs-san-gerardo-monza-cogliati-sviluppare-assistenza-e-ricerca\/"},"modified":"2024-05-29T15:08:03","modified_gmt":"2024-05-29T13:08:03","slug":"irccs-san-gerardo-monza-cogliati-sviluppare-assistenza-e-ricerca","status":"publish","type":"post","link":"https:\/\/www.messinaoggi.it\/website\/2024\/05\/29\/irccs-san-gerardo-monza-cogliati-sviluppare-assistenza-e-ricerca\/","title":{"rendered":"Irccs San Gerardo Monza, Cogliati \u201cSviluppare assistenza e ricerca\u201d"},"content":{"rendered":"<div>MILANO (ITALPRESS) &#8211; &#8220;Completare la ristrutturazione del monoblocco A entro l&#8217;estate del 2025; avere da Regione Lombardia le risorse per fare un nuovo pronto soccorso adeguato alla nuova realt\u00e0, visto che quest&#8217;anno siamo stati il pronto soccorso pi\u00f9 gettonato della Regione Lombardia, come numero di accessi; costruire dei nuovi laboratori e una nuova parte dedicata alla degenza pediatrica e soprattutto continuare a sviluppare quelli che sono i nostri quattro punti di attenzione: assistenza, cura, innovazione e ricerca. Speriamo che per i prossimi 850 anni si riesca a lavorare proprio su queste quattro parole chiave&#8221;. Questi, secondo Claudio Cogliati, Presidente della Fondazione Irccs San Gerardo di Monza, intervistato dall&#8217;Agenzia Italpress, gli obiettivi nel breve e lungo periodo dell&#8217;istituzione fondata da San Gerardo dei Tintori, e riconosciuto dal primo gennaio 2023 come istituto di ricovero e cura a carattere scientifico. &#8220;Un traguardo ma sicuramente una partenza verso il futuro &#8211; ha aggiunto Cogliati -, non solo in ambito pediatrico, storica specialit\u00e0 del nosocomio brianzolo, ma l&#8217;evoluzione di quelli che saranno i futuri centri pediatrici all&#8217;avanguardia. Lo \u00e8 Boston, lo \u00e8 Heidelberg e, con uno slogan, possiamo dire &#8220;grandi pediatrie in grandi ospedali&#8221;, perch\u00e8 questo \u00e8 una dei nostri obiettivi, cio\u00e8 avere tutte le specialit\u00e0 con super specialit\u00e0 che permettono di fare l&#8217;eccellenza in pediatria. In pediatria  oncoematologia, innanzitutto, perch\u00e8 siamo riconosciuti in tutta Italia e oserei dire in Europa come centro di riferimento per lo studio delle leucemie e tra breve l&#8217;universit\u00e0 ha previsto una cattedra per una reumatologia pediatrica, quindi avremo questi due momenti di approfondimento scientifico all&#8217;interno del nostro istituto di ricovero e cura&#8221;. Fondamentale anche la collaborazione con il mondo universitario, e in particolare con l&#8217;Universit\u00e0 di Milano-Bicocca. &#8220;L&#8217;universit\u00e0 che c&#8217;\u00e8 da oltre 20 anni, quasi 25 anni, ha le sedi dei corsi e le sedi delle specializzazioni all&#8217;interno, almeno al 60 per cento perch\u00e8 l&#8217;universit\u00e0 ha anche delle sedi a Niguarda, il corso in inglese di medicina che \u00e8 a Bergamo, per\u00f2 il grosso \u00e8 all&#8217;interno del San Gerardo e il campus universitario \u00e8 proprio attaccato al building del San Gerardo. Quindi \u00e8 una novit\u00e0 in cui c&#8217;\u00e8 l&#8217;universit\u00e0, ma soprattutto due fondazioni private non profit che sono afferite e da questo \u00e8 nato questo Irccs che \u00e8 una novit\u00e0 tutta italiana&#8221; spiega Cogliati. A proposito infine del contributo che l&#8217;Irccs San Gerardo di Monza pu\u00f2 dare alla medicina territoriale, Cogliati ha detto: &#8220;Siamo e dovremo sempre pi\u00f9 essere punto di riferimento come struttura hub di altri ospedali Spoke, ma soprattutto delle case di comunit\u00e0. Tra un p\u00f2 ci sar\u00e0 il 5G, si potr\u00e0 operare a distanza, gi\u00e0 adesso i nostri operano con robot da una console. Io credo che a breve potremmo, tramite il Virtual Hospital, essere collegati con le strutture Spoke e con le case di comunit\u00e0. Io vedo la nostra  posizione come supporto, second opinion e capacit\u00e0 di supporto alle strutture, perch\u00e8 la finalit\u00e0 \u00e8 quella di poter mettere il meglio della ricerca a disposizione di tutte le persone. Dobbiamo imparare a essere collegati con il mondo, perch\u00e8 la ricerca \u00e8 questo&#8221;.(ITALPRESS).<div id=\"div-gpt-ad-Messinaoggi.it-DSK-300x250-corpoart\" style=\"text-align:center;margin:0 auto;\"><\/div><\/p>\n<p>Foto: Italpress<div id=\"videoincontent\" style=\"clear:both\";><\/div><\/p><\/div>\n","protected":false},"excerpt":{"rendered":"<p>MILANO (ITALPRESS) &#8211; &#8220;Completare la ristrutturazione del monoblocco A entro l&#8217;estate del 2025; avere da Regione Lombardia le risorse per fare un nuovo pronto soccorso adeguato alla nuova realt\u00e0, visto che quest&#8217;anno siamo stati il pronto soccorso pi\u00f9 gettonato della Regione Lombardia, come numero di accessi; costruire dei nuovi laboratori e una nuova parte dedicata [&hellip;]<\/p>\n","protected":false},"author":18,"featured_media":199492,"comment_status":"closed","ping_status":"closed","sticky":false,"template":"","format":"standard","meta":{"ub_ctt_via":"","_mi_skip_tracking":false},"categories":[446],"tags":[783],"featured_image_src":"https:\/\/www.messinaoggi.it\/website\/wp-content\/uploads\/2024\/05\/20240529_0711.jpg","author_info":{"display_name":"Admin","author_link":"https:\/\/www.messinaoggi.it\/website\/author\/admin\/"},"digistream_id":0,"digistream":false,"_links":{"self":[{"href":"https:\/\/www.messinaoggi.it\/website\/wp-json\/wp\/v2\/posts\/199491"}],"collection":[{"href":"https:\/\/www.messinaoggi.it\/website\/wp-json\/wp\/v2\/posts"}],"about":[{"href":"https:\/\/www.messinaoggi.it\/website\/wp-json\/wp\/v2\/types\/post"}],"author":[{"embeddable":true,"href":"https:\/\/www.messinaoggi.it\/website\/wp-json\/wp\/v2\/users\/18"}],"replies":[{"embeddable":true,"href":"https:\/\/www.messinaoggi.it\/website\/wp-json\/wp\/v2\/comments?post=199491"}],"version-history":[{"count":0,"href":"https:\/\/www.messinaoggi.it\/website\/wp-json\/wp\/v2\/posts\/199491\/revisions"}],"wp:featuredmedia":[{"embeddable":true,"href":"https:\/\/www.messinaoggi.it\/website\/wp-json\/wp\/v2\/media\/199492"}],"wp:attachment":[{"href":"https:\/\/www.messinaoggi.it\/website\/wp-json\/wp\/v2\/media?parent=199491"}],"wp:term":[{"taxonomy":"category","embeddable":true,"href":"https:\/\/www.messinaoggi.it\/website\/wp-json\/wp\/v2\/categories?post=199491"},{"taxonomy":"post_tag","embeddable":true,"href":"https:\/\/www.messinaoggi.it\/website\/wp-json\/wp\/v2\/tags?post=199491"}],"curies":[{"name":"wp","href":"https:\/\/api.w.org\/{rel}","templated":true}]}}