{"id":19940,"date":"2018-05-28T17:37:59","date_gmt":"2018-05-28T15:37:59","guid":{"rendered":"http:\/\/www.messinaoggi.it\/website\/?p=19940"},"modified":"2018-05-28T17:37:59","modified_gmt":"2018-05-28T15:37:59","slug":"eleme-si-alza-il-sipario-sulla-lista-noi-con-salvini","status":"publish","type":"post","link":"https:\/\/www.messinaoggi.it\/website\/2018\/05\/28\/eleme-si-alza-il-sipario-sulla-lista-noi-con-salvini\/","title":{"rendered":"EleMe, si alza il sipario sulla lista Noi con Salvini"},"content":{"rendered":"<p style=\"text-align: justify\">Si \u00e8 svolta questa mattina nella sala consiliare della Citt\u00e0 Metropolitana di Messina la presentazione della lista Noi con Salvini, che il prossimo 10 giugno correr\u00e0 per il rinnovo del Consiglio Comunale e per il consiglio della V Circoscrizione. All\u2019incontro era presente anche il candidato sindaco del centrodestra,\u00a0 Dino Bramanti<strong>.<\/strong> Il deputato nazionale della Lega. Carmelo Lo Monte ha introdotto i lavori parlando dello scenario nazionale: \u201c<em>Non mi stupisce quanto accaduto ieri a Roma, conosco Mattarella da molti anni, per un periodo siamo stati nello stesso partito ed ho sempre nutrito dubbi sulla possibilit\u00e0 che potesse affidare il Governo alla Lega e al Movimento 5 Stelle. Ormai l\u2019Unione Europea, l\u2019Euro e le politiche finanziarie volute da Bruxelles rappresentano un dogma contro cui \u00e8 impossibile fiatare, anche se vanno contro gli interessi e il benessere dei cittadini. Basti pensare che negli ultimi 20 anni, tutti i ministri dell\u2019Economia sono state persone provenienti dal mondo dell\u2019alta finanza e delle banche\u201d.<\/em><div id=\"div-gpt-ad-Messinaoggi.it-DSK-300x250-corpoart\" style=\"text-align:center;margin:0 auto;\"><\/div><\/p>\n<p style=\"text-align: justify\">Sulle imminenti elezioni amministrative, Lo Monte ha aggiunto: <em>\u201cTengo a precisare all\u2019onorevole Navarra che ne io, n\u00e9\u00a0 altri componenti della mia famiglia abbiamo vissuto di politica, io mi sono formato e ad ho messo in piedi un\u2019attivit\u00e0 professionale che mi avrebbe permesso di vivere serenamente, faccio politica perch\u00e9 ho sempre ritenuto doveroso spendermi per il mio territorio. Al prof. Antonio Saitta, candidato sindaco del centrosinistra, dico che io non ho mai preso parcelle da enti pubblici. Il mio nome non compare sul libro paga delle consorterie locali. Il nostro sostegno al prof. Bramanti sar\u00e0 onesto , sincero e leale fino all\u2019ultimo voto\u201d.<\/em><div id=\"videoincontent\" style=\"clear:both\";><\/div><\/p>\n<p style=\"text-align: justify\">Presenti i candidati nella lista Noi con Salvini che correranno per il rinnovo del Consiglio Comunale, ma anche i candidati per il consiglio della V Circoscrizione al fianco del candidato presidente, Andrea Corica. Il prof. Dino Bramanti ha chiuso l\u2019incontro sottolineando: <em>\u201cLe condizioni della citt\u00e0 sono sotto gli occhi di tutti, faccio fatica a trovare qualcosa che vada per il verso giusto. Dal centro alle periferie c\u2019\u00e8 senso di abbandono e degrado, ma io sento che qualcosa sta cambiando, il nostro progetto politico \u00e8 sempre pi\u00f9 apprezzato dai cittadini ma soprattutto dai giovani. Loro troveranno spazio nel mio mandato, dobbiamo fermare l\u2019emorragia di questi giovani messinesi che lasciano la citt\u00e0 perch\u00e9 delusi e sfiduciati\u201d. <\/em><\/p>\n<p>Di seguito i nomi dei candidati al Consiglio Comunale della lista Noi con Salvini:<br \/>\nABATRIATICO GIUSEPPE (detto Pippo)<br \/>\nARGENTO ANNAMARIA<br \/>\nBORGESE DOMENICO<br \/>\nBRUNO DANIELA (detta Consolo)<br \/>\nCALABRESE MARIA GRAZIA<br \/>\nCALBO MANUELA<br \/>\nCARTELLI EMANUELE<br \/>\nCASA\u2019 GIUSEPPE<br \/>\nCORVAJA GIUSEPPE<br \/>\nDE MICHELE FRANCESCO<br \/>\nDOMINICI ENRICO<br \/>\nFASTUCA EMILIO<br \/>\nFORGANNI LUCIO<br \/>\nGRECO ANTONIA<br \/>\nGRILLO FORTUNATO<br \/>\nLIBRO CARMELO<br \/>\nMAGAUDDA GIANLUCA<br \/>\nMANTI PIERO ANTONIO<br \/>\nMARRETTA FORTUNATA detta Nadia<br \/>\nMETTUNO LUIGI<br \/>\nOLIVA FABIO<br \/>\nPANTO\u2019 ANGELO<br \/>\nPANTO\u2019 ROBERTA<br \/>\nPERDICHIZZI ANTONELLA<br \/>\nPIPITO\u2019 ANNA<br \/>\nRUGGERI SIMONA<br \/>\nRUZZO CARMELO<br \/>\nSILVESTRO ANGELA MONEA detta Lina<br \/>\nSORGE STEFANO<br \/>\nTURRISI VITO<br \/>\nVEZZOSI ANTONINA detta Antonella<\/p>\n","protected":false},"excerpt":{"rendered":"<p>Si \u00e8 svolta questa mattina nella sala consiliare della Citt\u00e0 Metropolitana di Messina la presentazione della lista Noi con Salvini, che il prossimo 10 giugno correr\u00e0 per il rinnovo del Consiglio Comunale e per il consiglio della V Circoscrizione. All\u2019incontro era presente anche il candidato sindaco del centrodestra,\u00a0 Dino Bramanti. Il deputato nazionale della Lega. [&hellip;]<\/p>\n","protected":false},"author":15,"featured_media":19941,"comment_status":"closed","ping_status":"open","sticky":false,"template":"","format":"standard","meta":{"ub_ctt_via":"","_mi_skip_tracking":false},"categories":[6],"tags":[],"featured_image_src":"https:\/\/www.messinaoggi.it\/website\/wp-content\/uploads\/2018\/05\/noi-con-salvini-1.jpg","author_info":{"display_name":"red.me","author_link":"https:\/\/www.messinaoggi.it\/website\/author\/red-me\/"},"digistream_id":0,"digistream":false,"_links":{"self":[{"href":"https:\/\/www.messinaoggi.it\/website\/wp-json\/wp\/v2\/posts\/19940"}],"collection":[{"href":"https:\/\/www.messinaoggi.it\/website\/wp-json\/wp\/v2\/posts"}],"about":[{"href":"https:\/\/www.messinaoggi.it\/website\/wp-json\/wp\/v2\/types\/post"}],"author":[{"embeddable":true,"href":"https:\/\/www.messinaoggi.it\/website\/wp-json\/wp\/v2\/users\/15"}],"replies":[{"embeddable":true,"href":"https:\/\/www.messinaoggi.it\/website\/wp-json\/wp\/v2\/comments?post=19940"}],"version-history":[{"count":0,"href":"https:\/\/www.messinaoggi.it\/website\/wp-json\/wp\/v2\/posts\/19940\/revisions"}],"wp:featuredmedia":[{"embeddable":true,"href":"https:\/\/www.messinaoggi.it\/website\/wp-json\/wp\/v2\/media\/19941"}],"wp:attachment":[{"href":"https:\/\/www.messinaoggi.it\/website\/wp-json\/wp\/v2\/media?parent=19940"}],"wp:term":[{"taxonomy":"category","embeddable":true,"href":"https:\/\/www.messinaoggi.it\/website\/wp-json\/wp\/v2\/categories?post=19940"},{"taxonomy":"post_tag","embeddable":true,"href":"https:\/\/www.messinaoggi.it\/website\/wp-json\/wp\/v2\/tags?post=19940"}],"curies":[{"name":"wp","href":"https:\/\/api.w.org\/{rel}","templated":true}]}}