{"id":199364,"date":"2024-05-28T12:08:07","date_gmt":"2024-05-28T10:08:07","guid":{"rendered":"https:\/\/www.messinaoggi.it\/website\/2024\/05\/28\/tovaglieri-emersa-debolezza-ue-case-green-eliminare-scadenze\/"},"modified":"2024-05-28T12:08:07","modified_gmt":"2024-05-28T10:08:07","slug":"tovaglieri-emersa-debolezza-ue-case-green-eliminare-scadenze","status":"publish","type":"post","link":"https:\/\/www.messinaoggi.it\/website\/2024\/05\/28\/tovaglieri-emersa-debolezza-ue-case-green-eliminare-scadenze\/","title":{"rendered":"Tovaglieri \u201cEmersa debolezza Ue. Case green? Eliminare scadenze\u201d"},"content":{"rendered":"<div>MILANO (ITALPRESS) &#8211; &#8220;In cinque anni \u00e8 emersa la debolezza dell&#8217;unione politica europea. In politica estera non riusciamo a parlare con una voce unica. L&#8217;Europa non ha quella caratura politica che consentirebbe di imporsi sulla scena internazionale e proporre un negoziato di pace&#8221; in Ucraina. &#8220;Quindi serve un&#8217;unione politica pi\u00f9 forte ma solo ed esclusivamente in queste materie, come gli esteri, e non in quelle in cui l&#8217;Europa interferisce in questioni che non la riguardano&#8221;. Lo ha detto Isabella Tovaglieri, eurodeputata uscente della Lega e ora candidata alle prossime elezioni europee, intervistata da Claudio Brachino per la rubrica &#8220;Primo Piano &#8211; Elezioni europee 2024&#8221; dell&#8217;agenzia Italpress.<br \/>Secondo Tovaglieri, l&#8217;Ue dovrebbe cambiare approccio in materie come l&#8217;efficientamento degli immobili, la mobilit\u00e0 e l&#8217;agricoltura. &#8220;Da 3-4 anni in Europa si demonizzano i proprietari di casa e a furia di fare questa comunicazione nessuno vuole neanche sentir parlare di case in classe energetica bassa. Tutti, nel caso in cui possano permettersi di acquistarla, vogliono solo la classe A. Il risultato \u00e8 che il prezzo di queste case si triplica e le altre si deprezzano. E siccome la casa \u00e8 il bene rifugio degli italiani, se quella casa non vale pi\u00f9 i risparmi diminuiscono. Quindi bisogna eliminare le scadenze temporali e sensibilizzare il Parlamento a una comunicazione corretta e ponderata perch\u00e8, altrimenti, si creano degli scompensi economici &#8211; ha detto riferendosi alla direttiva Ue sulle case green &#8211; . Tutti condividiamo l&#8217;obiettivo di questa direttiva, l&#8217;efficientamento dei nostri immobili. Lo dobbiamo perseguire ma non sono d&#8217;accordo sulle modalit\u00e0. Come opposizione al Parlamento europeo abbiamo vinto la battaglia pi\u00f9 importante eliminando l&#8217;aspetto pi\u00f9 critico, ovvero l&#8217;obbligo per ogni proprietario di portare la casa in classe energetica D entro il 2033. Un obiettivo irrealizzabile e irrealistico che sarebbe costato circa 40-45 mila euro a famiglia. Da un lato si tira un sospiro di sollievo ma dall&#8217;altro non si pu\u00f2 cambiare vittoria&#8221;. <br \/>Per quanto riguarda, invece, lo stop deciso dall&#8217;Unione europea alla vendita e alla produzione delle auto a benzina e diesel dal 2035, &#8220;bisogna assolutamente eliminarlo&#8221; perch\u00e8 si tratta &#8220;di una norma che falsa la sana competizione&#8221;. &#8220;In tutto il mondo si va nella direzione di una circolazione pi\u00f9 sostenibile ma solo noi ci siamo messi un divieto per norma di produrre determinate tipologie di auto &#8211; ha sottolineato l&#8217;eurodeputata uscente &#8211; . Noi non siamo leader di questa tecnologia quindi questo divieto \u00e8 un regalo che facciamo al di fuori dell&#8217;Europa a soggetti che, tra l&#8217;altro, ci vendono quelle auto a poco prezzo perch\u00e8 non rispettano mezzo standard ambientale. Quindi \u00e8 un divieto iniquo, illiberale e nemico dell&#8217;ambiente&#8221;. Secondo Tovaglieri, &#8220;bisogna eliminare la scadenza 2035 perch\u00e8 non siamo pronti. Noi abbiamo anche una soluzione alternativa pronta, fatta da un&#8217;azienda italiana: i biocarburanti. Utilizzando quelli si salvano le auto tradizionali e si salva l&#8217;ambiente. Nessuna delle due tecnologie, elettrico e biocarburanti, \u00e8 valida in assoluto? Infatti chiediamo di utilizzarle tutte con un mix energetico ponderato che ci consenta di salvaguardare gli obiettivi di decarbonizzazione&#8221;. Importante anche &#8220;salvaguardare l&#8217;agricoltura, non \u00e8 solo un tema culturale ed economico ma anche di sicurezza. In un momento di forti pressioni geopolitiche, legarci mani e piedi al cibo che importiamo ci rende sempre pi\u00f9 esposti e vulnerabili&#8221;. &#8220;Quindi valorizziamo la nostra filiera italiana. Chiedere ai nostri agricoltori di coltivare di meno \u00e8 una scelta stupida perch\u00e8 in futuro non mangeremo di meno e quel fabbisogno lo dovremo soddisfare importando beni da paesi stranieri che non garantiscono nessuno standard &#8211; ha proseguito -. Sono necessari sgravi fiscali per quanto riguarda l&#8217;accesso al gasolio agricolo, delle incentivazioni che siano calcolate anche in base alla nostra tipologia di agricoltura, quindi piccole aziende agricole, la promozione del nostro cibo con un&#8217;adeguata comunicazione&#8221;. Per quanto riguarda il dialogo tra il partito europeo di cui fa parte la Lega, Identit\u00e0 e Democrazia, e quello di cui fa parte Fratelli d&#8217;Italia, Conservatori e Riformisti Europei, allo scopo di costruire un unico gruppo politico, &#8220;io credo che ci siano stati dei concreti passi avanti. La Lega ha fatto un significativo passo in avanti&#8221; perch\u00e8 &#8220;ha preso immediatamente le distanze da soggetti non graditi&#8221;, come Alternative f\u00f9r Deutschland. &#8220;Ora quel problema non c&#8217;\u00e8 pi\u00f9, quindi gettiamo la palla ai nostri alleati. Inizieranno a parlare con noi per costruire effettivamente un&#8217;alternativa a questa maggioranza in Ue o vogliono continuare a fare da stampella ai socialisti, come hanno fatto in questo mandato?&#8221;.<br \/>-foto Italpress-<br \/>(ITALPRESS).<\/div>\n<div id=\"div-gpt-ad-Messinaoggi.it-DSK-300x250-corpoart\" style=\"text-align:center;margin:0 auto;\"><\/div><\/p><div id=\"videoincontent\" style=\"clear:both\";><\/div>","protected":false},"excerpt":{"rendered":"<p>MILANO (ITALPRESS) &#8211; &#8220;In cinque anni \u00e8 emersa la debolezza dell&#8217;unione politica europea. In politica estera non riusciamo a parlare con una voce unica. L&#8217;Europa non ha quella caratura politica che consentirebbe di imporsi sulla scena internazionale e proporre un negoziato di pace&#8221; in Ucraina. &#8220;Quindi serve un&#8217;unione politica pi\u00f9 forte ma solo ed esclusivamente [&hellip;]<\/p>\n","protected":false},"author":18,"featured_media":199365,"comment_status":"closed","ping_status":"closed","sticky":false,"template":"","format":"standard","meta":{"ub_ctt_via":"","_mi_skip_tracking":false},"categories":[446],"tags":[783],"featured_image_src":"https:\/\/www.messinaoggi.it\/website\/wp-content\/uploads\/2024\/05\/20240528_0556.jpg","author_info":{"display_name":"Admin","author_link":"https:\/\/www.messinaoggi.it\/website\/author\/admin\/"},"digistream_id":0,"digistream":false,"_links":{"self":[{"href":"https:\/\/www.messinaoggi.it\/website\/wp-json\/wp\/v2\/posts\/199364"}],"collection":[{"href":"https:\/\/www.messinaoggi.it\/website\/wp-json\/wp\/v2\/posts"}],"about":[{"href":"https:\/\/www.messinaoggi.it\/website\/wp-json\/wp\/v2\/types\/post"}],"author":[{"embeddable":true,"href":"https:\/\/www.messinaoggi.it\/website\/wp-json\/wp\/v2\/users\/18"}],"replies":[{"embeddable":true,"href":"https:\/\/www.messinaoggi.it\/website\/wp-json\/wp\/v2\/comments?post=199364"}],"version-history":[{"count":0,"href":"https:\/\/www.messinaoggi.it\/website\/wp-json\/wp\/v2\/posts\/199364\/revisions"}],"wp:featuredmedia":[{"embeddable":true,"href":"https:\/\/www.messinaoggi.it\/website\/wp-json\/wp\/v2\/media\/199365"}],"wp:attachment":[{"href":"https:\/\/www.messinaoggi.it\/website\/wp-json\/wp\/v2\/media?parent=199364"}],"wp:term":[{"taxonomy":"category","embeddable":true,"href":"https:\/\/www.messinaoggi.it\/website\/wp-json\/wp\/v2\/categories?post=199364"},{"taxonomy":"post_tag","embeddable":true,"href":"https:\/\/www.messinaoggi.it\/website\/wp-json\/wp\/v2\/tags?post=199364"}],"curies":[{"name":"wp","href":"https:\/\/api.w.org\/{rel}","templated":true}]}}