{"id":199345,"date":"2024-05-28T10:08:05","date_gmt":"2024-05-28T08:08:05","guid":{"rendered":"https:\/\/www.messinaoggi.it\/website\/2024\/05\/28\/piazza-della-loggia-piantedosi-ferita-profonda-nella-storia-del-paese\/"},"modified":"2024-05-28T10:08:05","modified_gmt":"2024-05-28T08:08:05","slug":"piazza-della-loggia-piantedosi-ferita-profonda-nella-storia-del-paese","status":"publish","type":"post","link":"https:\/\/www.messinaoggi.it\/website\/2024\/05\/28\/piazza-della-loggia-piantedosi-ferita-profonda-nella-storia-del-paese\/","title":{"rendered":"Piazza della Loggia, Piantedosi \u201cFerita profonda nella storia del Paese\u201d"},"content":{"rendered":"<div>ROMA (ITALPRESS) &#8211; 50 anni fa, nel corso di una manifestazione contro il terrorismo in Piazza della Loggia a Brescia, una bomba provoc\u00f2 la morte di 8 persone e ne fer\u00ec oltre cento. &#8220;Il 28 maggio 1974 costituisce una ferita profonda nella storia del Paese &#8211; dice il ministro dell&#8217;Interno, Matteo Piantedosi -. La ferocia e la violenza dell&#8217;ignobile disegno eversivo colpirono vittime innocenti nel tentativo di minare le basi della democrazia. Una strategia del terrore a cui l&#8217;Italia seppe rispondere unita, stringendosi nella difesa dei valori di libert\u00e0 e giustizia su cui si fonda la nostra Repubblica. Il ricordo dei tragici eventi che colpirono la citt\u00e0 di Brescia \u00e8 ancora oggi vivo nelle coscienze di tutti e rappresenta, per le nuove generazioni, un monito a opporsi con coraggio a ogni forma di odio e di violenza&#8221;.<div id=\"div-gpt-ad-Messinaoggi.it-DSK-300x250-corpoart\" style=\"text-align:center;margin:0 auto;\"><\/div><\/p>\n<p>&#8211; foto: Agenzia Fotogramma &#8211;<br \/>(ITALPRESS).<\/div>\n<div id=\"videoincontent\" style=\"clear:both\";><\/div>","protected":false},"excerpt":{"rendered":"<p>ROMA (ITALPRESS) &#8211; 50 anni fa, nel corso di una manifestazione contro il terrorismo in Piazza della Loggia a Brescia, una bomba provoc\u00f2 la morte di 8 persone e ne fer\u00ec oltre cento. &#8220;Il 28 maggio 1974 costituisce una ferita profonda nella storia del Paese &#8211; dice il ministro dell&#8217;Interno, Matteo Piantedosi -. La ferocia [&hellip;]<\/p>\n","protected":false},"author":18,"featured_media":199346,"comment_status":"closed","ping_status":"closed","sticky":false,"template":"","format":"standard","meta":{"ub_ctt_via":"","_mi_skip_tracking":false},"categories":[446],"tags":[783],"featured_image_src":"https:\/\/www.messinaoggi.it\/website\/wp-content\/uploads\/2024\/05\/20240528_0150.jpg","author_info":{"display_name":"Admin","author_link":"https:\/\/www.messinaoggi.it\/website\/author\/admin\/"},"digistream_id":0,"digistream":false,"_links":{"self":[{"href":"https:\/\/www.messinaoggi.it\/website\/wp-json\/wp\/v2\/posts\/199345"}],"collection":[{"href":"https:\/\/www.messinaoggi.it\/website\/wp-json\/wp\/v2\/posts"}],"about":[{"href":"https:\/\/www.messinaoggi.it\/website\/wp-json\/wp\/v2\/types\/post"}],"author":[{"embeddable":true,"href":"https:\/\/www.messinaoggi.it\/website\/wp-json\/wp\/v2\/users\/18"}],"replies":[{"embeddable":true,"href":"https:\/\/www.messinaoggi.it\/website\/wp-json\/wp\/v2\/comments?post=199345"}],"version-history":[{"count":0,"href":"https:\/\/www.messinaoggi.it\/website\/wp-json\/wp\/v2\/posts\/199345\/revisions"}],"wp:featuredmedia":[{"embeddable":true,"href":"https:\/\/www.messinaoggi.it\/website\/wp-json\/wp\/v2\/media\/199346"}],"wp:attachment":[{"href":"https:\/\/www.messinaoggi.it\/website\/wp-json\/wp\/v2\/media?parent=199345"}],"wp:term":[{"taxonomy":"category","embeddable":true,"href":"https:\/\/www.messinaoggi.it\/website\/wp-json\/wp\/v2\/categories?post=199345"},{"taxonomy":"post_tag","embeddable":true,"href":"https:\/\/www.messinaoggi.it\/website\/wp-json\/wp\/v2\/tags?post=199345"}],"curies":[{"name":"wp","href":"https:\/\/api.w.org\/{rel}","templated":true}]}}