{"id":199333,"date":"2024-05-28T09:22:39","date_gmt":"2024-05-28T07:22:39","guid":{"rendered":"http:\/\/www.messinaoggi.it\/website\/?p=199333"},"modified":"2024-05-28T09:22:41","modified_gmt":"2024-05-28T07:22:41","slug":"nuovo-centenario-in-citta-gli-auguri-dellamministrazione","status":"publish","type":"post","link":"https:\/\/www.messinaoggi.it\/website\/2024\/05\/28\/nuovo-centenario-in-citta-gli-auguri-dellamministrazione\/","title":{"rendered":"Nuovo centenario in citt\u00e0: gli auguri dell&#8217;Amministrazione"},"content":{"rendered":"\n<p>Si arricchisce la rosa dei centenari a Messina. Ieri pomeriggio il sindaco Federico Basile, a nome dell&#8217;Amministrazione e della citt\u00e0 di Messina, ha fatto gli auguri per i cento anni compiuti dal concittadino Salvatore Isaia, recandosi ieri nell\u2019abitazione del neocentenario accompagnato dal consigliere comunale Raffaele Rinaldo. Per l\u2019occasione il sindaco ha donato al signor Isaia una targa commemorativa con la quale l&#8217;amministrazione comunale ha voluto ricordare la speciale giornata non solo per il festeggiato ma anche per tutti gli affetti pi\u00f9 cari presenti attorno a lui, figli, nipoti e pronipoti.\u00a0<div id=\"div-gpt-ad-Messinaoggi.it-DSK-300x250-corpoart\" style=\"text-align:center;margin:0 auto;\"><\/div><\/p>\n\n\n\n<p>&#8220;Cento anni, una vita attraverso la quale questo caro concittadino \u00e8 stato testimone dei grandi cambiamenti della societ\u00e0 e della nostra citt\u00e0&#8221;, ha detto il sindaco Basile. &#8220;Festeggiare i cento anni \u00e8 un lusinghiero traguardo per un bravo cittadino, un buon padre di famiglia e un lavoratore. La cittadinanza ne \u00e8 fiera ed \u00e8 idealmente raccolta per dire: tanti auguri Nonno Salvatore&#8221;, ha aggiunto Basile.\u00a0\u201cMi auguro di continuare ad avere dalla mia parte la salute che cerco di salvaguardare praticando ancora un minimo di esercizio fisico. Sono emozionato e ringrazio il sindaco Basile per la sua presenza; \u00e8 una bella soddisfazione raggiungere questo traguardo\u201d, ha dichiarato l&#8217;arzillo centenario.<div id=\"videoincontent\" style=\"clear:both\";><\/div><\/p>\n","protected":false},"excerpt":{"rendered":"<p>Si arricchisce la rosa dei centenari a Messina. Ieri pomeriggio il sindaco Federico Basile, a nome dell&#8217;Amministrazione e della citt\u00e0 di Messina, ha fatto gli auguri per i cento anni compiuti dal concittadino Salvatore Isaia, recandosi ieri nell\u2019abitazione del neocentenario accompagnato dal consigliere comunale Raffaele Rinaldo. Per l\u2019occasione il sindaco ha donato al signor Isaia [&hellip;]<\/p>\n","protected":false},"author":8,"featured_media":199334,"comment_status":"open","ping_status":"open","sticky":false,"template":"","format":"standard","meta":{"ub_ctt_via":"","_mi_skip_tracking":false},"categories":[5],"tags":[6767,602],"featured_image_src":"https:\/\/www.messinaoggi.it\/website\/wp-content\/uploads\/2024\/05\/CENTENARIO-ISAIA.jpg","author_info":{"display_name":"red..me","author_link":"https:\/\/www.messinaoggi.it\/website\/author\/redstage\/"},"digistream_id":0,"digistream":false,"_links":{"self":[{"href":"https:\/\/www.messinaoggi.it\/website\/wp-json\/wp\/v2\/posts\/199333"}],"collection":[{"href":"https:\/\/www.messinaoggi.it\/website\/wp-json\/wp\/v2\/posts"}],"about":[{"href":"https:\/\/www.messinaoggi.it\/website\/wp-json\/wp\/v2\/types\/post"}],"author":[{"embeddable":true,"href":"https:\/\/www.messinaoggi.it\/website\/wp-json\/wp\/v2\/users\/8"}],"replies":[{"embeddable":true,"href":"https:\/\/www.messinaoggi.it\/website\/wp-json\/wp\/v2\/comments?post=199333"}],"version-history":[{"count":1,"href":"https:\/\/www.messinaoggi.it\/website\/wp-json\/wp\/v2\/posts\/199333\/revisions"}],"predecessor-version":[{"id":199335,"href":"https:\/\/www.messinaoggi.it\/website\/wp-json\/wp\/v2\/posts\/199333\/revisions\/199335"}],"wp:featuredmedia":[{"embeddable":true,"href":"https:\/\/www.messinaoggi.it\/website\/wp-json\/wp\/v2\/media\/199334"}],"wp:attachment":[{"href":"https:\/\/www.messinaoggi.it\/website\/wp-json\/wp\/v2\/media?parent=199333"}],"wp:term":[{"taxonomy":"category","embeddable":true,"href":"https:\/\/www.messinaoggi.it\/website\/wp-json\/wp\/v2\/categories?post=199333"},{"taxonomy":"post_tag","embeddable":true,"href":"https:\/\/www.messinaoggi.it\/website\/wp-json\/wp\/v2\/tags?post=199333"}],"curies":[{"name":"wp","href":"https:\/\/api.w.org\/{rel}","templated":true}]}}