{"id":199329,"date":"2024-05-28T02:08:03","date_gmt":"2024-05-28T00:08:03","guid":{"rendered":"https:\/\/www.messinaoggi.it\/website\/2024\/05\/28\/europee-salvini-la-lega-punta-a-crescere-rispetto-alle-politiche\/"},"modified":"2024-05-28T11:02:05","modified_gmt":"2024-05-28T09:02:05","slug":"europee-salvini-la-lega-punta-a-crescere-rispetto-alle-politiche","status":"publish","type":"post","link":"https:\/\/www.messinaoggi.it\/website\/2024\/05\/28\/europee-salvini-la-lega-punta-a-crescere-rispetto-alle-politiche\/","title":{"rendered":"Europee, Salvini \u201cLa Lega punta a crescere rispetto alle politiche\u201d"},"content":{"rendered":"<div>ROMA (ITALPRESS) &#8211;  L&#8217;obiettivo della Lega alle europee \u00e8 &#8220;crescere rispetto alle elezioni politiche&#8221;. Qundi il 9%? &#8220;S\u00ec, anche di pi\u00f9&#8221;. Lo ha detto il vicepremier e leader della Lega Matteo Salvini a &#8220;Quarta Repubblica&#8221;, in onda su Rete4.&#8221;Con i numeri di oggi &#8211; aggiunge &#8211; il centrodestra di tutta Europa unita potrebbe avere i numeri per governare questa Europa da solo e finalmente difenderla senza i socialisti&#8221;.<br \/>-foto Agenzia Fotogramma-<br \/>(ITALPRESS).<\/div>\n<div id=\"div-gpt-ad-Messinaoggi.it-DSK-300x250-corpoart\" style=\"text-align:center;margin:0 auto;\"><\/div><\/p><div id=\"videoincontent\" style=\"clear:both\";><\/div>","protected":false},"excerpt":{"rendered":"<p>ROMA (ITALPRESS) &#8211; L&#8217;obiettivo della Lega alle europee \u00e8 &#8220;crescere rispetto alle elezioni politiche&#8221;. Qundi il 9%? &#8220;S\u00ec, anche di pi\u00f9&#8221;. Lo ha detto il vicepremier e leader della Lega Matteo Salvini a &#8220;Quarta Repubblica&#8221;, in onda su Rete4.&#8221;Con i numeri di oggi &#8211; aggiunge &#8211; il centrodestra di tutta Europa unita potrebbe avere i [&hellip;]<\/p>\n","protected":false},"author":18,"featured_media":199330,"comment_status":"closed","ping_status":"closed","sticky":false,"template":"","format":"standard","meta":{"ub_ctt_via":"","_mi_skip_tracking":false},"categories":[446,4],"tags":[783],"featured_image_src":"https:\/\/www.messinaoggi.it\/website\/wp-content\/uploads\/2024\/05\/20240527_2172.jpg","author_info":{"display_name":"Admin","author_link":"https:\/\/www.messinaoggi.it\/website\/author\/admin\/"},"digistream_id":0,"digistream":false,"_links":{"self":[{"href":"https:\/\/www.messinaoggi.it\/website\/wp-json\/wp\/v2\/posts\/199329"}],"collection":[{"href":"https:\/\/www.messinaoggi.it\/website\/wp-json\/wp\/v2\/posts"}],"about":[{"href":"https:\/\/www.messinaoggi.it\/website\/wp-json\/wp\/v2\/types\/post"}],"author":[{"embeddable":true,"href":"https:\/\/www.messinaoggi.it\/website\/wp-json\/wp\/v2\/users\/18"}],"replies":[{"embeddable":true,"href":"https:\/\/www.messinaoggi.it\/website\/wp-json\/wp\/v2\/comments?post=199329"}],"version-history":[{"count":1,"href":"https:\/\/www.messinaoggi.it\/website\/wp-json\/wp\/v2\/posts\/199329\/revisions"}],"predecessor-version":[{"id":199358,"href":"https:\/\/www.messinaoggi.it\/website\/wp-json\/wp\/v2\/posts\/199329\/revisions\/199358"}],"wp:featuredmedia":[{"embeddable":true,"href":"https:\/\/www.messinaoggi.it\/website\/wp-json\/wp\/v2\/media\/199330"}],"wp:attachment":[{"href":"https:\/\/www.messinaoggi.it\/website\/wp-json\/wp\/v2\/media?parent=199329"}],"wp:term":[{"taxonomy":"category","embeddable":true,"href":"https:\/\/www.messinaoggi.it\/website\/wp-json\/wp\/v2\/categories?post=199329"},{"taxonomy":"post_tag","embeddable":true,"href":"https:\/\/www.messinaoggi.it\/website\/wp-json\/wp\/v2\/tags?post=199329"}],"curies":[{"name":"wp","href":"https:\/\/api.w.org\/{rel}","templated":true}]}}