{"id":199273,"date":"2024-05-27T19:33:32","date_gmt":"2024-05-27T17:33:32","guid":{"rendered":"http:\/\/www.messinaoggi.it\/website\/?p=199273"},"modified":"2024-05-27T19:33:34","modified_gmt":"2024-05-27T17:33:34","slug":"qualita-della-vita-messina-stabile-disastro-per-gli-anziani","status":"publish","type":"post","link":"https:\/\/www.messinaoggi.it\/website\/2024\/05\/27\/qualita-della-vita-messina-stabile-disastro-per-gli-anziani\/","title":{"rendered":"Qualit\u00e0 della vita: Messina stabile, disastro per gli anziani"},"content":{"rendered":"\n<p>I dati della ricerca del Sole 24 Ore sulla qualit\u00e0 della vita attestano la citt\u00e0 di Messina all&#8217;89. posto. La citt\u00e0 dello Stretto conferma la posizione dell&#8217;anno precedente, ci\u00f2 significa che non ci sono stati miglioramenti e, per fortuna, nemmeno miglioramenti.<div id=\"div-gpt-ad-Messinaoggi.it-DSK-300x250-corpoart\" style=\"text-align:center;margin:0 auto;\"><\/div><\/p>\n\n\n\n<p>La citt\u00e0 dello Stretto annaspa, comunque, nella parte bassa della classifica che comprende ben 107 Comuni, sui quali \u00e8 stata condotta la ricerca. <div id=\"videoincontent\" style=\"clear:both\";><\/div><\/p>\n\n\n\n<h5>Anche quest\u2019anno l\u2019indagine della Qualit\u00e0 della vita del Sole 24 Ore prende in esame 90 indicatori, suddivisi nelle sei macrocategorie tematiche (ciascuna composta da 15 indicatori) che accompagnano l\u2019indagine dal 1990:ricchezza e consumi;affari e lavoro;ambiente e servizi;demografia, societ\u00e0 e salute;giustizia e sicurezza;cultura e tempo libero.<\/h5>\n\n\n\n<p>Analizzando i dati nello specifico, spicca un poco onorevole 106. posto nella graduatoria per la qualit\u00e0 della vita degli anziani. Segno evidente che le politiche amministrative per la fascia degli anziani hanno letteralmente fallito.<\/p>\n\n\n\n<p>Non va meglio nemmeno per i ragazzi &#8211; ecco spiegato perch\u00e9 vanno via -, tenuto conto che Messina occupa la 102. posizione; lo stesso dicasi per i bimbi con la citt\u00e0 dello stretto che si colloca al 92. posto.<\/p>\n\n\n\n<p><\/p>\n","protected":false},"excerpt":{"rendered":"<p>I dati della ricerca del Sole 24 Ore sulla qualit\u00e0 della vita attestano la citt\u00e0 di Messina all&#8217;89. posto. La citt\u00e0 dello Stretto conferma la posizione dell&#8217;anno precedente, ci\u00f2 significa che non ci sono stati miglioramenti e, per fortuna, nemmeno miglioramenti. La citt\u00e0 dello Stretto annaspa, comunque, nella parte bassa della classifica che comprende ben [&hellip;]<\/p>\n","protected":false},"author":2,"featured_media":2380,"comment_status":"open","ping_status":"open","sticky":false,"template":"","format":"standard","meta":{"ub_ctt_via":"","_mi_skip_tracking":false},"categories":[6],"tags":[9986,9985,3674],"featured_image_src":"https:\/\/www.messinaoggi.it\/website\/wp-content\/uploads\/2017\/06\/anziani-2.jpg","author_info":{"display_name":"Redazione","author_link":"https:\/\/www.messinaoggi.it\/website\/author\/redazione\/"},"digistream_id":0,"digistream":false,"_links":{"self":[{"href":"https:\/\/www.messinaoggi.it\/website\/wp-json\/wp\/v2\/posts\/199273"}],"collection":[{"href":"https:\/\/www.messinaoggi.it\/website\/wp-json\/wp\/v2\/posts"}],"about":[{"href":"https:\/\/www.messinaoggi.it\/website\/wp-json\/wp\/v2\/types\/post"}],"author":[{"embeddable":true,"href":"https:\/\/www.messinaoggi.it\/website\/wp-json\/wp\/v2\/users\/2"}],"replies":[{"embeddable":true,"href":"https:\/\/www.messinaoggi.it\/website\/wp-json\/wp\/v2\/comments?post=199273"}],"version-history":[{"count":1,"href":"https:\/\/www.messinaoggi.it\/website\/wp-json\/wp\/v2\/posts\/199273\/revisions"}],"predecessor-version":[{"id":199292,"href":"https:\/\/www.messinaoggi.it\/website\/wp-json\/wp\/v2\/posts\/199273\/revisions\/199292"}],"wp:featuredmedia":[{"embeddable":true,"href":"https:\/\/www.messinaoggi.it\/website\/wp-json\/wp\/v2\/media\/2380"}],"wp:attachment":[{"href":"https:\/\/www.messinaoggi.it\/website\/wp-json\/wp\/v2\/media?parent=199273"}],"wp:term":[{"taxonomy":"category","embeddable":true,"href":"https:\/\/www.messinaoggi.it\/website\/wp-json\/wp\/v2\/categories?post=199273"},{"taxonomy":"post_tag","embeddable":true,"href":"https:\/\/www.messinaoggi.it\/website\/wp-json\/wp\/v2\/tags?post=199273"}],"curies":[{"name":"wp","href":"https:\/\/api.w.org\/{rel}","templated":true}]}}