{"id":199169,"date":"2024-05-27T11:34:06","date_gmt":"2024-05-27T09:34:06","guid":{"rendered":"http:\/\/www.messinaoggi.it\/website\/?p=199169"},"modified":"2024-05-27T19:33:57","modified_gmt":"2024-05-27T17:33:57","slug":"ponte-germana-denuncia-bonelli","status":"publish","type":"post","link":"https:\/\/www.messinaoggi.it\/website\/2024\/05\/27\/ponte-germana-denuncia-bonelli\/","title":{"rendered":"Ponte, German\u00e0 denuncia Bonelli"},"content":{"rendered":"\n<p>Il senatore messinese della Lega <strong>Nino German\u00e0<\/strong> risponde, con quella che definisce &#8220;una controffensiva contro la disinformazione e il clima di odio ed allarme sociale generato dalle dichiarazioni dell\u2019onorevole Angelo Bonelli&#8221;, al segretario nazionale di Europa Verde.<div id=\"div-gpt-ad-Messinaoggi.it-DSK-300x250-corpoart\" style=\"text-align:center;margin:0 auto;\"><\/div><\/p>\n\n\n\n<p>Il senatore Nino German\u00e0 ha dato mandato all\u2019avvocato <strong>Salvatore Silvestro<\/strong> di presentare un esposto nei confronti del leader di Alleanza Verdi e Sinistra <strong>Angelo Bonelli<\/strong>. <div id=\"videoincontent\" style=\"clear:both\";><\/div><\/p>\n\n\n\n<p>L\u2019annuncio oggi in conferenza stampa alla presenza del legale, nel corso della quale sono stati spiegati motivazioni e dettagli della denuncia che sar\u00e0 depositata al Tribunale di Roma. In particolare si sono ravvisati, in diverse dichiarazioni dell\u2019onorevole Bonelli, &#8220;possibili estremi di reato, tra i quali la calunnia&#8221;.<\/p>\n\n\n\n<p>\u201cContro la disinformazione di Bonelli e di quanti agiscono come lui ho deciso di mettere fine a questa campagna di falsit\u00e0, passando alla controffensiva e tutelandoci nelle sedi giudiziarie &#8211; ha dichiarato il senatore German\u00e0 &#8211; Il Ponte \u00e8 legge dello Stato e si far\u00e0, il progetto definitivo \u00e8 stato approvato il 15 febbraio del 2024, \u00e8 in corso la fase di presentazione delle risposte alle osservazioni richieste dal Mase. Chi, come Bonelli, dichiara falsit\u00e0 depositando addirittura all\u2019autorit\u00e0 giudiziaria esposti basati su menzogne, crea un pericoloso clima di odio ed allarme sociale ed \u00e8 penalmente perseguibile. Per queste ragioni abbiamo incaricato l\u2019avvocato Salvatore Silvestro che nelle prossime ore provveder\u00e0 a depositare una circostanziata denuncia\u201d.<\/p>\n","protected":false},"excerpt":{"rendered":"<p>Il senatore messinese della Lega Nino German\u00e0 risponde, con quella che definisce &#8220;una controffensiva contro la disinformazione e il clima di odio ed allarme sociale generato dalle dichiarazioni dell\u2019onorevole Angelo Bonelli&#8221;, al segretario nazionale di Europa Verde. Il senatore Nino German\u00e0 ha dato mandato all\u2019avvocato Salvatore Silvestro di presentare un esposto nei confronti del leader [&hellip;]<\/p>\n","protected":false},"author":15,"featured_media":199172,"comment_status":"open","ping_status":"open","sticky":false,"template":"","format":"standard","meta":{"ub_ctt_via":"","_mi_skip_tracking":false},"categories":[5,19],"tags":[9007,7370,7863,4936,1082,7288,623,630,7298],"featured_image_src":"https:\/\/www.messinaoggi.it\/website\/wp-content\/uploads\/2024\/05\/silvestro-germana-1.jpg","author_info":{"display_name":"red.me","author_link":"https:\/\/www.messinaoggi.it\/website\/author\/red-me\/"},"digistream_id":0,"digistream":false,"_links":{"self":[{"href":"https:\/\/www.messinaoggi.it\/website\/wp-json\/wp\/v2\/posts\/199169"}],"collection":[{"href":"https:\/\/www.messinaoggi.it\/website\/wp-json\/wp\/v2\/posts"}],"about":[{"href":"https:\/\/www.messinaoggi.it\/website\/wp-json\/wp\/v2\/types\/post"}],"author":[{"embeddable":true,"href":"https:\/\/www.messinaoggi.it\/website\/wp-json\/wp\/v2\/users\/15"}],"replies":[{"embeddable":true,"href":"https:\/\/www.messinaoggi.it\/website\/wp-json\/wp\/v2\/comments?post=199169"}],"version-history":[{"count":2,"href":"https:\/\/www.messinaoggi.it\/website\/wp-json\/wp\/v2\/posts\/199169\/revisions"}],"predecessor-version":[{"id":199171,"href":"https:\/\/www.messinaoggi.it\/website\/wp-json\/wp\/v2\/posts\/199169\/revisions\/199171"}],"wp:featuredmedia":[{"embeddable":true,"href":"https:\/\/www.messinaoggi.it\/website\/wp-json\/wp\/v2\/media\/199172"}],"wp:attachment":[{"href":"https:\/\/www.messinaoggi.it\/website\/wp-json\/wp\/v2\/media?parent=199169"}],"wp:term":[{"taxonomy":"category","embeddable":true,"href":"https:\/\/www.messinaoggi.it\/website\/wp-json\/wp\/v2\/categories?post=199169"},{"taxonomy":"post_tag","embeddable":true,"href":"https:\/\/www.messinaoggi.it\/website\/wp-json\/wp\/v2\/tags?post=199169"}],"curies":[{"name":"wp","href":"https:\/\/api.w.org\/{rel}","templated":true}]}}