{"id":19910,"date":"2018-05-28T06:48:03","date_gmt":"2018-05-28T04:48:03","guid":{"rendered":"http:\/\/www.messinaoggi.it\/website\/?p=19910"},"modified":"2018-05-28T06:48:03","modified_gmt":"2018-05-28T04:48:03","slug":"eleme-la-grasso-gela-i-presidenti-di-seggio-poco-tempo-per-cambiare-una-norma-voluta-da-crocetta","status":"publish","type":"post","link":"https:\/\/www.messinaoggi.it\/website\/2018\/05\/28\/eleme-la-grasso-gela-i-presidenti-di-seggio-poco-tempo-per-cambiare-una-norma-voluta-da-crocetta\/","title":{"rendered":"EleMe, la Grasso gela i presidenti di seggio: &quot;Poco tempo per cambiare una norma voluta da Crocetta&quot;"},"content":{"rendered":"<p style=\"text-align: justify\">Mettere da parte ogni intento bellicoso ed iniziare a prendere confidenza con l\u2019idea di dover affrontare un vero e proprio tour de force. Non sembra essere rimasto altro da fare per i presidenti di seggio, che pochi giorni fa hanno inviato una nota per chiedere all\u2019assessorato regionale agli Enti Locali, di diluire il lavoro delle prossime elezioni amministrative in pi\u00f9 giorni in modo tale da poter garantire anche un miglior risultato. Il seggio, infatti, sar\u00e0 costituito la mattina stessa, non il pomeriggio prima come avveniva in passato, mentre lo spoglio avverr\u00e0 subito dopo.<div id=\"div-gpt-ad-Messinaoggi.it-DSK-300x250-corpoart\" style=\"text-align:center;margin:0 auto;\"><\/div><\/p>\n<p style=\"text-align: justify\">In altre parole si partir\u00e0 domenica 10 giugno alle 6 del mattino per finire chiss\u00e0 quando, visto che oltre a sindaco e Consiglio comunale si vota anche per presidenti e\u00a0 consigli circoscrizionali. \u00a0Insomma si profila una vera e propria sfacchinata che ha portato ad una rivolta a livello regionale, tanto che numerosi presidenti di seggio che operano a Catania si sono dimessi. Le richieste avanzate erano chiare, intanto un ritorno all\u2019antico, cio\u00e8 di insediare il seggio il giorno prima, tanto da sbrigare le prime faccende burocratiche e pratiche, come l\u2019affissione dei cartelli elettorali e la conta delle schede, ma anche l\u2019inizio dello spoglio il giorno dopo, perlomeno per tutto ci\u00f2 che riguarda le Circoscrizioni.<div id=\"videoincontent\" style=\"clear:both\";><\/div><\/p>\n<p style=\"text-align: justify\">Non avverr\u00e0 nulla di tutto questo, ma non per la mancanza di volont\u00e0 politica, quanto per il poco tempo a disposizione. A spiegarlo \u00e8 direttamente l\u2019assessore regionale agli Enti Locali, Bernadette Grasso: <em>\u201cQuesta \u00e8 una norma partorita dal Governo Crocetta di cui io sono stata avversaria politica \u2013 ha dichiarato \u2013 purtroppo va annullata con un\u2019altra norma, adesso non ci sono le condizioni pratiche per poterlo fare. Io fin da subito ho chiesto delle modifiche all\u2019iter con cui vengono gestite le elezioni, ma purtroppo non sono questioni di materia finanziaria per cui \u00e8 possibile intervenire con un atto di Giunta urgente. Per questi atti ci vuole tempo, si deve esprimere la commissione parlamentare e poi cu vuole il parere dell\u2019aula, ci siamo insediati da 5 mesi e non abbiamo avuto il tempo materiale per poter cambiare le cose. Temo che per queste elezioni amministrative le cose non potranno cambiare\u201d. \u00a0<\/em><\/p>\n","protected":false},"excerpt":{"rendered":"<p>Mettere da parte ogni intento bellicoso ed iniziare a prendere confidenza con l\u2019idea di dover affrontare un vero e proprio tour de force. Non sembra essere rimasto altro da fare per i presidenti di seggio, che pochi giorni fa hanno inviato una nota per chiedere all\u2019assessorato regionale agli Enti Locali, di diluire il lavoro delle [&hellip;]<\/p>\n","protected":false},"author":14,"featured_media":2210,"comment_status":"closed","ping_status":"open","sticky":false,"template":"","format":"standard","meta":{"ub_ctt_via":"","_mi_skip_tracking":false},"categories":[6],"tags":[],"featured_image_src":"https:\/\/www.messinaoggi.it\/website\/wp-content\/uploads\/2017\/06\/Grasso-Bernadette-1-2.jpg","author_info":{"display_name":"Antonio Macauda","author_link":"https:\/\/www.messinaoggi.it\/website\/author\/a-macauda\/"},"digistream_id":0,"digistream":false,"_links":{"self":[{"href":"https:\/\/www.messinaoggi.it\/website\/wp-json\/wp\/v2\/posts\/19910"}],"collection":[{"href":"https:\/\/www.messinaoggi.it\/website\/wp-json\/wp\/v2\/posts"}],"about":[{"href":"https:\/\/www.messinaoggi.it\/website\/wp-json\/wp\/v2\/types\/post"}],"author":[{"embeddable":true,"href":"https:\/\/www.messinaoggi.it\/website\/wp-json\/wp\/v2\/users\/14"}],"replies":[{"embeddable":true,"href":"https:\/\/www.messinaoggi.it\/website\/wp-json\/wp\/v2\/comments?post=19910"}],"version-history":[{"count":0,"href":"https:\/\/www.messinaoggi.it\/website\/wp-json\/wp\/v2\/posts\/19910\/revisions"}],"wp:featuredmedia":[{"embeddable":true,"href":"https:\/\/www.messinaoggi.it\/website\/wp-json\/wp\/v2\/media\/2210"}],"wp:attachment":[{"href":"https:\/\/www.messinaoggi.it\/website\/wp-json\/wp\/v2\/media?parent=19910"}],"wp:term":[{"taxonomy":"category","embeddable":true,"href":"https:\/\/www.messinaoggi.it\/website\/wp-json\/wp\/v2\/categories?post=19910"},{"taxonomy":"post_tag","embeddable":true,"href":"https:\/\/www.messinaoggi.it\/website\/wp-json\/wp\/v2\/tags?post=19910"}],"curies":[{"name":"wp","href":"https:\/\/api.w.org\/{rel}","templated":true}]}}