{"id":199033,"date":"2024-05-24T22:04:28","date_gmt":"2024-05-24T20:04:28","guid":{"rendered":"http:\/\/www.messinaoggi.it\/website\/?p=199033"},"modified":"2024-05-24T22:05:01","modified_gmt":"2024-05-24T20:05:01","slug":"fondi-di-coesione-52-milioni-per-infrastrutture-sui-nebrodi","status":"publish","type":"post","link":"https:\/\/www.messinaoggi.it\/website\/2024\/05\/24\/fondi-di-coesione-52-milioni-per-infrastrutture-sui-nebrodi\/","title":{"rendered":"Fondi di coesione: 52 milioni per infrastrutture sui Nebrodi"},"content":{"rendered":"\n<p>&#8220;Con grande soddisfazione \u00e8 stato fatto un significativo passo avanti per lo sviluppo del territorio dei Nebrodi, grazie al finanziamento di due principali strade che connetteranno le aree interne dei Nebrodi con la costa. Si tratta del completamento dei lavori della strada Mirto &#8211; Fornace &#8211; Camma &#8211; Scorrimento veloce, per un importo pari a 12,9 milioni di euro e quelli per la strada di collegamento dell&#8217;abitato di Alcara Li Fusi con la Ss 113, per un importo pari a 39 milioni di euro. &#8220;Sono anni che mi impegno alla realizzazione di questi progetti. Ringrazio il Presidente Renato Schifani e il Governo regionale, anche a nome del Primo cittadino di Alcara Li Fusi, per avere inserito i progetti nell&#8217;Accordo di coesione, come previsto dalla delibera di giunta n. 192 del 22 maggio scorso\u201d. Lo afferma il Sindaco di Capri Leone,  Bernardette Grasso.<div id=\"div-gpt-ad-Messinaoggi.it-DSK-300x250-corpoart\" style=\"text-align:center;margin:0 auto;\"><\/div><\/p>\n\n\n\n<p>\u201cLa realizzazione delle arterie stradali \u2013 finanziate con il Fondo di sviluppo e coesione 2021-2027 \u2013 avr\u00e0 impatti significativi nei diversi Comuni limitrofi, migliorando la mobilit\u00e0, stimolando la crescita economica e innalzando la qualit\u00e0 della vita. Nei prossimi mesi si avvieranno le procedure di gara per l&#8217;aggiudicazione dei lavori e la loro immediata esecuzione. Ricordo che la firma dell&#8217;intesa Stato-Regione \u00e8 prevista per luned\u00ec pomeriggio, al Teatro Massimo di Palermo, alla presenza della premier Giorgia Meloni e del ministro per gli Affari europei, le politiche di coesione e il Pnrr, Raffaele Fitto. Per la Regione firmer\u00e0 il governatore Renato Schifani, che in questi mesi ha condotto la trattativa con Roma sugli interventi da finanziare. Continuiamo cos\u00ec &#8211; conclude Bernadette Grasso &#8211; verso una mobilit\u00e0 ancor pi\u00f9 sostenibile per il territorio\u201d.<div id=\"videoincontent\" style=\"clear:both\";><\/div><\/p>\n","protected":false},"excerpt":{"rendered":"<p>&#8220;Con grande soddisfazione \u00e8 stato fatto un significativo passo avanti per lo sviluppo del territorio dei Nebrodi, grazie al finanziamento di due principali strade che connetteranno le aree interne dei Nebrodi con la costa. Si tratta del completamento dei lavori della strada Mirto &#8211; Fornace &#8211; Camma &#8211; Scorrimento veloce, per un importo pari a [&hellip;]<\/p>\n","protected":false},"author":4,"featured_media":4779,"comment_status":"open","ping_status":"open","sticky":false,"template":"","format":"standard","meta":{"ub_ctt_via":"","_mi_skip_tracking":false},"categories":[13,18],"tags":[1525,9970,170,1414],"featured_image_src":"https:\/\/www.messinaoggi.it\/website\/wp-content\/uploads\/2017\/07\/sp-168-capizzi-nebrodi-2.jpg","author_info":{"display_name":"redme","author_link":"https:\/\/www.messinaoggi.it\/website\/author\/redme\/"},"digistream_id":0,"digistream":false,"_links":{"self":[{"href":"https:\/\/www.messinaoggi.it\/website\/wp-json\/wp\/v2\/posts\/199033"}],"collection":[{"href":"https:\/\/www.messinaoggi.it\/website\/wp-json\/wp\/v2\/posts"}],"about":[{"href":"https:\/\/www.messinaoggi.it\/website\/wp-json\/wp\/v2\/types\/post"}],"author":[{"embeddable":true,"href":"https:\/\/www.messinaoggi.it\/website\/wp-json\/wp\/v2\/users\/4"}],"replies":[{"embeddable":true,"href":"https:\/\/www.messinaoggi.it\/website\/wp-json\/wp\/v2\/comments?post=199033"}],"version-history":[{"count":1,"href":"https:\/\/www.messinaoggi.it\/website\/wp-json\/wp\/v2\/posts\/199033\/revisions"}],"predecessor-version":[{"id":199034,"href":"https:\/\/www.messinaoggi.it\/website\/wp-json\/wp\/v2\/posts\/199033\/revisions\/199034"}],"wp:featuredmedia":[{"embeddable":true,"href":"https:\/\/www.messinaoggi.it\/website\/wp-json\/wp\/v2\/media\/4779"}],"wp:attachment":[{"href":"https:\/\/www.messinaoggi.it\/website\/wp-json\/wp\/v2\/media?parent=199033"}],"wp:term":[{"taxonomy":"category","embeddable":true,"href":"https:\/\/www.messinaoggi.it\/website\/wp-json\/wp\/v2\/categories?post=199033"},{"taxonomy":"post_tag","embeddable":true,"href":"https:\/\/www.messinaoggi.it\/website\/wp-json\/wp\/v2\/tags?post=199033"}],"curies":[{"name":"wp","href":"https:\/\/api.w.org\/{rel}","templated":true}]}}