{"id":19897,"date":"2018-05-27T12:49:33","date_gmt":"2018-05-27T10:49:33","guid":{"rendered":"http:\/\/www.messinaoggi.it\/website\/?p=19897"},"modified":"2018-05-27T12:49:33","modified_gmt":"2018-05-27T10:49:33","slug":"barbara-arcardi-ha-imparato-a-sognare-e-adesso-si-racconta","status":"publish","type":"post","link":"https:\/\/www.messinaoggi.it\/website\/2018\/05\/27\/barbara-arcardi-ha-imparato-a-sognare-e-adesso-si-racconta\/","title":{"rendered":"Barbara Arcardi ha imparato a sognare e adesso si racconta&#8230;"},"content":{"rendered":"<p>Dopo il grandioso successo dello spettacolo Ho imparato a sognare, tributo alla carriera di Fiorella Mannoia, Barbara Arcardi racconta in una breve intervista quest\u2019emozionante progetto.<br \/>\n<strong>\u00a0Adesso puoi dire che anche tu hai imparato a sognare, ma pensavi che sarebbe andata proprio cos\u00ec?<\/strong><br \/>\n<em>E\u2019 andato tutto bene. Sono state queste le prime parole proferite dalla cantante messinese Barbara Arcardi, dopo l\u2019esito dello spettacolo, da lei ideato, diretto e condotto al Teatro \u201cAnnibale\u201d di Messina, il 18 di Maggio scorso. Un evento musicale, che l\u2019intraprendente artista ha voluto tributare alla nota cantante Fiorella Mannoia, che aveva per titolo: \u201cHo imparato a Sognare\u201d.<\/em><br \/>\n<strong>\u00a0La realt\u00e0 quindi ha superato il sogno?<\/strong><br \/>\n<em>Se devo dire la verit\u00e0, volevo immaginare che tutto questo accadesse, ma non pensavo che alla fine l\u2019effetto sarebbe stato proprio cos\u00ec.<\/em><br \/>\n<strong>\u00a0Non sembrava il tipico tributo fine a se stesso.<\/strong><br \/>\n<em>Non vorrei giocare con le parole ma, \u00e8 proprio accaduto. I tempi di preparazione sono stati molto fitti, ma sostanzialmente ricchi di sana adrenalina. A dire il vero, era la prima volta che mi cimentavo anche nell\u2019ambito organizzativo. Col senno di poi posso affermare che mi sono divertita tantissimo a mettere insieme tutti i tratti dello spettacolo.<\/em><br \/>\n<strong><em>\u00a0<\/em>In certi casi si parla di \u201cEmozioni Subite\u201d. Si pu\u00f2 dire che si tratta di un effetto a cui non ci si pu\u00f2 sottrarre?<\/strong><br \/>\nI<em>nfatti come ho gi\u00e0 detto in una precedente intervista, non \u00e8 stato per niente facile, riuscire a concentrare i momenti pi\u00f9 incisivi di una lunga carriera artistica, come quella di Fiorella Mannoia. Ma principalmente ogni canzone, ogni brano scelto, ha rappresentato qualcosa anche per me.<\/em><br \/>\n<strong>C\u2019\u00e8 qualcosa che, se tornassi indietro, realizzeresti in modo completamente diverso in questo progetto? <\/strong><br \/>\n<em>Assolutamente no. Infatti quello che maggiormente ricorder\u00f2 \u00e8 questa magica sensazione che non riesci totalmente a comprendere, anche se la percepisci, mentre sei sul palco. Solo quando finisce, riesci a materializzare il tutto. Ricordo le parole di un post, che dicevano pi\u00f9 o meno cos\u00ec: \u2026\u2026Tributo a Fiorella Mannoia. Un concerto straordinario, coinvolgente, bello. Orchestra e voce trascinanti. Barbara Arcadi ha cantato i sentimenti pi\u00f9 profondi, e Antonella Gargano li ha danzati con grazia. Brave \u2026\u2026. Giuro che quando ho letto questo articolo, mi sono talmente emozionata che ci ho pianto pure, di gioia naturalmente. <strong>\u00a0<\/strong><\/em><br \/>\n<strong>Qualche ringraziamento speciale?<\/strong><br \/>\n<em>Prima di tutto vorrei ringraziare tutte quelle persone che sono venute a Teatro, che mi sono state vicine, con i loro applausi, cantando insieme a me, alcuni incisi di canzoni. E\u2019 stata una emozione grandissima. Affetto che mi hanno dimostrato prima durante e dopo lo spettacolo, venendomi a trovare anche in camerino. Qualcuno ha portato anche dei fiori. Ma un particolare grazie lo vorrei dedicare a tutti gli artisti e musicisti che hanno collaborato con me, perch\u00e9 il tutto risultasse di grande effetto. Perch\u00e9 bisogna dire che nonostante i budget non fossero da grande tour, posso assicurare che l\u2019effetto generale di tutto lo spettacolo \u00e8 stato veramente molto bello. Un grazie al Maestro Dino Visalli per gli arrangiamenti e un grande abbraccio alla mia amica e professionista Antonella Gargano che nel finale, durante i saluti, ha preso il microfono e ha detto: Barbara ha vinto, perch\u00e9 \u00e8 riuscita a realizzare il suo sogno.<\/em><br \/>\n<strong>\u00a0Barbara Arcadi ha vinto?<\/strong><br \/>\n<em>\u00a0Abbiamo vinto tutti. Non ho cantato solo per me. Io ho solo imparato a sognare.<\/em><br \/>\n<strong>\u00a0Grazie Barbara<\/strong><br \/>\n<em>Grazie a Voi<\/em><div id=\"div-gpt-ad-Messinaoggi.it-DSK-300x250-corpoart\" style=\"text-align:center;margin:0 auto;\"><\/div><\/p>\n<div id=\"videoincontent\" style=\"clear:both\";><\/div>","protected":false},"excerpt":{"rendered":"<p>Dopo il grandioso successo dello spettacolo Ho imparato a sognare, tributo alla carriera di Fiorella Mannoia, Barbara Arcardi racconta in una breve intervista quest\u2019emozionante progetto. \u00a0Adesso puoi dire che anche tu hai imparato a sognare, ma pensavi che sarebbe andata proprio cos\u00ec? E\u2019 andato tutto bene. Sono state queste le prime parole proferite dalla cantante [&hellip;]<\/p>\n","protected":false},"author":5,"featured_media":19898,"comment_status":"closed","ping_status":"open","sticky":false,"template":"","format":"standard","meta":{"ub_ctt_via":"","_mi_skip_tracking":false},"categories":[17],"tags":[],"featured_image_src":"https:\/\/www.messinaoggi.it\/website\/wp-content\/uploads\/2018\/05\/Barbara-Arcardi-1.jpeg","author_info":{"display_name":"Maria Antonella Saia","author_link":"https:\/\/www.messinaoggi.it\/website\/author\/m-saia\/"},"digistream_id":0,"digistream":false,"_links":{"self":[{"href":"https:\/\/www.messinaoggi.it\/website\/wp-json\/wp\/v2\/posts\/19897"}],"collection":[{"href":"https:\/\/www.messinaoggi.it\/website\/wp-json\/wp\/v2\/posts"}],"about":[{"href":"https:\/\/www.messinaoggi.it\/website\/wp-json\/wp\/v2\/types\/post"}],"author":[{"embeddable":true,"href":"https:\/\/www.messinaoggi.it\/website\/wp-json\/wp\/v2\/users\/5"}],"replies":[{"embeddable":true,"href":"https:\/\/www.messinaoggi.it\/website\/wp-json\/wp\/v2\/comments?post=19897"}],"version-history":[{"count":0,"href":"https:\/\/www.messinaoggi.it\/website\/wp-json\/wp\/v2\/posts\/19897\/revisions"}],"wp:featuredmedia":[{"embeddable":true,"href":"https:\/\/www.messinaoggi.it\/website\/wp-json\/wp\/v2\/media\/19898"}],"wp:attachment":[{"href":"https:\/\/www.messinaoggi.it\/website\/wp-json\/wp\/v2\/media?parent=19897"}],"wp:term":[{"taxonomy":"category","embeddable":true,"href":"https:\/\/www.messinaoggi.it\/website\/wp-json\/wp\/v2\/categories?post=19897"},{"taxonomy":"post_tag","embeddable":true,"href":"https:\/\/www.messinaoggi.it\/website\/wp-json\/wp\/v2\/tags?post=19897"}],"curies":[{"name":"wp","href":"https:\/\/api.w.org\/{rel}","templated":true}]}}