{"id":19895,"date":"2018-05-27T09:51:54","date_gmt":"2018-05-27T07:51:54","guid":{"rendered":"http:\/\/www.messinaoggi.it\/website\/?p=19895"},"modified":"2018-05-27T09:51:54","modified_gmt":"2018-05-27T07:51:54","slug":"boxe-mohamed-laminie-oulare-protagonista-al-memorial-brischetto-di-acireale","status":"publish","type":"post","link":"https:\/\/www.messinaoggi.it\/website\/2018\/05\/27\/boxe-mohamed-laminie-oulare-protagonista-al-memorial-brischetto-di-acireale\/","title":{"rendered":"Boxe, Mohamed Laminie Oulare protagonista al memorial Brischetto di Acireale"},"content":{"rendered":"<p>\u00c8 calato il sipario ad Acireale sull&#8217;ottavo memorial Rag. Nunzio Brischetto, tenutosi al campo comunale Cappuccini. Il pugile della Asd Cuba Boxe Club di Messina dei maestri Mario Astone e Ugo Rinaldi, Mohamed Laminie Oulare della Guinea ha fatto il suo esordio nella categoria 3 serie 60 kg , tre rounds combattuti contro un pugile molto pi\u00f9 esperto (9 match -6 vinti e 3 pareggiati). Match finito ai punti.<br \/>\nAll fine delle tre riprese il match viene giudicato pari dagli arbitri dopo aver penalizzato il pugile della Cuba Boxe Club con un punto di penalit\u00e0. Il verdetto di parit\u00e0 \u00e8 un ottimo biglietto da visita per i match che il ragazzo della Guinea affronter\u00e0 in futuro.<br \/>\nI prossimi match dei ragazzi della Asd Cuba Boxe Club saranno il 7 luglio sempre ad Acireale: combatteranno i pugili Paolo Frisone 69 kg seconda serie e Michele Arena 75 kg terza serie.<div id=\"div-gpt-ad-Messinaoggi.it-DSK-300x250-corpoart\" style=\"text-align:center;margin:0 auto;\"><\/div><\/p>\n<div id=\"videoincontent\" style=\"clear:both\";><\/div>","protected":false},"excerpt":{"rendered":"<p>\u00c8 calato il sipario ad Acireale sull&#8217;ottavo memorial Rag. Nunzio Brischetto, tenutosi al campo comunale Cappuccini. Il pugile della Asd Cuba Boxe Club di Messina dei maestri Mario Astone e Ugo Rinaldi, Mohamed Laminie Oulare della Guinea ha fatto il suo esordio nella categoria 3 serie 60 kg , tre rounds combattuti contro un pugile [&hellip;]<\/p>\n","protected":false},"author":4,"featured_media":19896,"comment_status":"closed","ping_status":"open","sticky":false,"template":"","format":"standard","meta":{"ub_ctt_via":"","_mi_skip_tracking":false},"categories":[8,9],"tags":[],"featured_image_src":"https:\/\/www.messinaoggi.it\/website\/wp-content\/uploads\/2018\/05\/IMG-20180527-WA0003-1.jpg","author_info":{"display_name":"redme","author_link":"https:\/\/www.messinaoggi.it\/website\/author\/redme\/"},"digistream_id":0,"digistream":false,"_links":{"self":[{"href":"https:\/\/www.messinaoggi.it\/website\/wp-json\/wp\/v2\/posts\/19895"}],"collection":[{"href":"https:\/\/www.messinaoggi.it\/website\/wp-json\/wp\/v2\/posts"}],"about":[{"href":"https:\/\/www.messinaoggi.it\/website\/wp-json\/wp\/v2\/types\/post"}],"author":[{"embeddable":true,"href":"https:\/\/www.messinaoggi.it\/website\/wp-json\/wp\/v2\/users\/4"}],"replies":[{"embeddable":true,"href":"https:\/\/www.messinaoggi.it\/website\/wp-json\/wp\/v2\/comments?post=19895"}],"version-history":[{"count":0,"href":"https:\/\/www.messinaoggi.it\/website\/wp-json\/wp\/v2\/posts\/19895\/revisions"}],"wp:featuredmedia":[{"embeddable":true,"href":"https:\/\/www.messinaoggi.it\/website\/wp-json\/wp\/v2\/media\/19896"}],"wp:attachment":[{"href":"https:\/\/www.messinaoggi.it\/website\/wp-json\/wp\/v2\/media?parent=19895"}],"wp:term":[{"taxonomy":"category","embeddable":true,"href":"https:\/\/www.messinaoggi.it\/website\/wp-json\/wp\/v2\/categories?post=19895"},{"taxonomy":"post_tag","embeddable":true,"href":"https:\/\/www.messinaoggi.it\/website\/wp-json\/wp\/v2\/tags?post=19895"}],"curies":[{"name":"wp","href":"https:\/\/api.w.org\/{rel}","templated":true}]}}