{"id":198727,"date":"2024-05-23T10:08:33","date_gmt":"2024-05-23T08:08:33","guid":{"rendered":"http:\/\/www.messinaoggi.it\/website\/?p=198727"},"modified":"2024-05-23T10:08:34","modified_gmt":"2024-05-23T08:08:34","slug":"strage-di-capaci-messina-ricorda-falcone","status":"publish","type":"post","link":"https:\/\/www.messinaoggi.it\/website\/2024\/05\/23\/strage-di-capaci-messina-ricorda-falcone\/","title":{"rendered":"Strage di Capaci, Messina ricorda Falcone"},"content":{"rendered":"\n<p><br>Sono passati 32 anni dalla strage di Capaci, nell&#8217;ambito della quale il magistrato Giovanni Falcone, la moglie Francesca Morvillo e tre poliziotti della scorta furono assassinati in un attentato di stampo mafioso. <div id=\"div-gpt-ad-Messinaoggi.it-DSK-300x250-corpoart\" style=\"text-align:center;margin:0 auto;\"><\/div><\/p>\n\n\n\n<p>Anche a Messina si terranno iniziative per commemorare le vittime della strage. Tra queste c&#8217;\u00e8 il corteo per la pace organizzato dall&#8217;istituto comprensivo Cannizzaro-Galatti, che \u00e8 partito alle ore 9 dal cortile della scuola. Alle 10 \u00e8 previsto l&#8217;arrivo del corteo a piazza Duomo, dove si terr\u00e0 un momento di raccoglimento fino alle 11.<div id=\"videoincontent\" style=\"clear:both\";><\/div><\/p>\n\n\n\n<p>A Palermo, invece, il programma della Fondazione Falcone, guidata dalla sorella del magistrato, Maria, si apre alle 10 a Palazzo Jung, in via Lincoln 72, con l&#8217;inaugurazione del Museo del presente. Il governo sar\u00e0 presente con i ministri dell&#8217;Interno e della Cultura, Matteo Piantedosi e Gennaro Sangiuliano, ai quali si uniranno il presidente della Regione siciliana Renato Schifani, il sindaco di Palermo Roberto Lagalla, il vicepresidente della provincia autonoma di Bolzano Daniel Alfreider, la presidente della Commissione parlamentare antimafia Chiara Colosimo.<\/p>\n\n\n\n<p>Alle 17.58, l&#8217;ora in cui avvenne la strage, si svolger\u00e0 la manifestazione sotto l&#8217;Albero Falcone, davanti alla casa di via Notarbartolo in cui abitavano il magistrato e la moglie. Alle 19 sar\u00e0 celebrata la messa di suffragio nella chiesa di San Domenico, dove \u00e8 sepolto Giovanni Falcone.<br><\/p>\n","protected":false},"excerpt":{"rendered":"<p>Sono passati 32 anni dalla strage di Capaci, nell&#8217;ambito della quale il magistrato Giovanni Falcone, la moglie Francesca Morvillo e tre poliziotti della scorta furono assassinati in un attentato di stampo mafioso. Anche a Messina si terranno iniziative per commemorare le vittime della strage. Tra queste c&#8217;\u00e8 il corteo per la pace organizzato dall&#8217;istituto comprensivo [&hellip;]<\/p>\n","protected":false},"author":8,"featured_media":65633,"comment_status":"open","ping_status":"open","sticky":false,"template":"","format":"standard","meta":{"ub_ctt_via":"","_mi_skip_tracking":false},"categories":[19],"tags":[4837,3830],"featured_image_src":"https:\/\/www.messinaoggi.it\/website\/wp-content\/uploads\/2021\/05\/20210523_0121.jpg","author_info":{"display_name":"red..me","author_link":"https:\/\/www.messinaoggi.it\/website\/author\/redstage\/"},"digistream_id":0,"digistream":false,"_links":{"self":[{"href":"https:\/\/www.messinaoggi.it\/website\/wp-json\/wp\/v2\/posts\/198727"}],"collection":[{"href":"https:\/\/www.messinaoggi.it\/website\/wp-json\/wp\/v2\/posts"}],"about":[{"href":"https:\/\/www.messinaoggi.it\/website\/wp-json\/wp\/v2\/types\/post"}],"author":[{"embeddable":true,"href":"https:\/\/www.messinaoggi.it\/website\/wp-json\/wp\/v2\/users\/8"}],"replies":[{"embeddable":true,"href":"https:\/\/www.messinaoggi.it\/website\/wp-json\/wp\/v2\/comments?post=198727"}],"version-history":[{"count":1,"href":"https:\/\/www.messinaoggi.it\/website\/wp-json\/wp\/v2\/posts\/198727\/revisions"}],"predecessor-version":[{"id":198730,"href":"https:\/\/www.messinaoggi.it\/website\/wp-json\/wp\/v2\/posts\/198727\/revisions\/198730"}],"wp:featuredmedia":[{"embeddable":true,"href":"https:\/\/www.messinaoggi.it\/website\/wp-json\/wp\/v2\/media\/65633"}],"wp:attachment":[{"href":"https:\/\/www.messinaoggi.it\/website\/wp-json\/wp\/v2\/media?parent=198727"}],"wp:term":[{"taxonomy":"category","embeddable":true,"href":"https:\/\/www.messinaoggi.it\/website\/wp-json\/wp\/v2\/categories?post=198727"},{"taxonomy":"post_tag","embeddable":true,"href":"https:\/\/www.messinaoggi.it\/website\/wp-json\/wp\/v2\/tags?post=198727"}],"curies":[{"name":"wp","href":"https:\/\/api.w.org\/{rel}","templated":true}]}}