{"id":198580,"date":"2024-05-22T10:56:28","date_gmt":"2024-05-22T08:56:28","guid":{"rendered":"http:\/\/www.messinaoggi.it\/website\/?p=198580"},"modified":"2024-05-22T10:56:30","modified_gmt":"2024-05-22T08:56:30","slug":"cateno-torna-a-ruggire-ma-la-strada-e-in-salita","status":"publish","type":"post","link":"https:\/\/www.messinaoggi.it\/website\/2024\/05\/22\/cateno-torna-a-ruggire-ma-la-strada-e-in-salita\/","title":{"rendered":"Cateno torna a ruggire, ma la strada \u00e8 in salita"},"content":{"rendered":"\n<p>Cateno De Luca \u00e8 tornato a ruggire questa mattina in una conferenza-comizio, tenutasi a piazza Duomo. Un&#8217;occasione per lanciare i soliti strali nei confronti degli avversari politici: indice puntato soprattutto contro Schifani, nei confronti del quale ha lanciato una sorta di referendum.<div id=\"div-gpt-ad-Messinaoggi.it-DSK-300x250-corpoart\" style=\"text-align:center;margin:0 auto;\"><\/div><\/p>\n\n\n\n<p>Il leader di Sud chiama Nord ha chiamato a raccolta i suoi amministratori locali, ai quali ha chiesto uno scatto d&#8217;orgoglio due settimane addietro dopo avere palpato un po&#8217; di rilassamento.<div id=\"videoincontent\" style=\"clear:both\";><\/div><\/p>\n\n\n\n<p>&#8220;Ci hanno messo il bavaglio &#8211; ha esordito De Luca &#8211; a livello nazionale il nostro progetto  non \u00e8 conosciuto perch\u00e9 le tv nazionali ci stanno oscurando. E per questo motivo abbiamo depositato numerosi esposti per violazione della par condicio con il risultato che avremo qualche piccolo spazio. Siamo vicini al raggiungimento della soglia di sbarramento al 4%. La Sicilia far\u00e0 la differenza e per questo motivo abbiamo deciso di puntare tutto qui in queste ultime settimane di campagna elettorale&#8221;.<\/p>\n\n\n\n<p>Cateno De Luca ha risposto agli attacchi sferrati dai senatori German\u00e0 e Musolino sui fondi comunitari revocati alla citt\u00e0 di Messina. &#8220;Ha fatto bene Basile ad invitarli ad un confronto cos\u00ec gli spiegher\u00e0 come stanno realmente e cose. Loro non sanno di cosa parlano, German\u00e0 non ha mai fatto l&#8217;amministratore, ha scritto solo sotto dettatura&#8221;.<\/p>\n\n\n\n<p>Uno sguardo anche al futuro, in caso di non raggiungimento dell&#8217;obiettivo del 4%.<\/p>\n\n\n\n<p>&#8220;Se ci sono le condizioni per fare il salto in avanti bene, caso contrario il partito far\u00e0 le sue scelte, le sue alleanze, ma io esco di scena perch\u00e8 non sono abituato a fare il secondo a nessuno. Se non raggiungiamo il nostro obiettivo bene, ma io la faccio per gli altri non ce la metter\u00f2 pi\u00f9 per gli altri&#8221;.<\/p>\n","protected":false},"excerpt":{"rendered":"<p>Cateno De Luca \u00e8 tornato a ruggire questa mattina in una conferenza-comizio, tenutasi a piazza Duomo. Un&#8217;occasione per lanciare i soliti strali nei confronti degli avversari politici: indice puntato soprattutto contro Schifani, nei confronti del quale ha lanciato una sorta di referendum. Il leader di Sud chiama Nord ha chiamato a raccolta i suoi amministratori [&hellip;]<\/p>\n","protected":false},"author":2,"featured_media":198581,"comment_status":"open","ping_status":"open","sticky":false,"template":"","format":"standard","meta":{"ub_ctt_via":"","_mi_skip_tracking":false},"categories":[19],"tags":[126,6256,5307],"featured_image_src":"https:\/\/www.messinaoggi.it\/website\/wp-content\/uploads\/2024\/05\/0-2.jpg","author_info":{"display_name":"Redazione","author_link":"https:\/\/www.messinaoggi.it\/website\/author\/redazione\/"},"digistream_id":0,"digistream":false,"_links":{"self":[{"href":"https:\/\/www.messinaoggi.it\/website\/wp-json\/wp\/v2\/posts\/198580"}],"collection":[{"href":"https:\/\/www.messinaoggi.it\/website\/wp-json\/wp\/v2\/posts"}],"about":[{"href":"https:\/\/www.messinaoggi.it\/website\/wp-json\/wp\/v2\/types\/post"}],"author":[{"embeddable":true,"href":"https:\/\/www.messinaoggi.it\/website\/wp-json\/wp\/v2\/users\/2"}],"replies":[{"embeddable":true,"href":"https:\/\/www.messinaoggi.it\/website\/wp-json\/wp\/v2\/comments?post=198580"}],"version-history":[{"count":1,"href":"https:\/\/www.messinaoggi.it\/website\/wp-json\/wp\/v2\/posts\/198580\/revisions"}],"predecessor-version":[{"id":198582,"href":"https:\/\/www.messinaoggi.it\/website\/wp-json\/wp\/v2\/posts\/198580\/revisions\/198582"}],"wp:featuredmedia":[{"embeddable":true,"href":"https:\/\/www.messinaoggi.it\/website\/wp-json\/wp\/v2\/media\/198581"}],"wp:attachment":[{"href":"https:\/\/www.messinaoggi.it\/website\/wp-json\/wp\/v2\/media?parent=198580"}],"wp:term":[{"taxonomy":"category","embeddable":true,"href":"https:\/\/www.messinaoggi.it\/website\/wp-json\/wp\/v2\/categories?post=198580"},{"taxonomy":"post_tag","embeddable":true,"href":"https:\/\/www.messinaoggi.it\/website\/wp-json\/wp\/v2\/tags?post=198580"}],"curies":[{"name":"wp","href":"https:\/\/api.w.org\/{rel}","templated":true}]}}