{"id":19835,"date":"2018-05-25T16:10:36","date_gmt":"2018-05-25T14:10:36","guid":{"rendered":"http:\/\/www.messinaoggi.it\/website\/?p=19835"},"modified":"2018-05-25T16:10:36","modified_gmt":"2018-05-25T14:10:36","slug":"sviluppo-e-lavoro-domani-forum-della-uil-con-i-candidati-sindaco","status":"publish","type":"post","link":"https:\/\/www.messinaoggi.it\/website\/2018\/05\/25\/sviluppo-e-lavoro-domani-forum-della-uil-con-i-candidati-sindaco\/","title":{"rendered":"Sviluppo e lavoro, domani Forum della Uil con i candidati sindaco"},"content":{"rendered":"<p style=\"text-align: justify\">Lavoro, Diritti e Sviluppo. Ecco il tema della tavola rotonda a cui parteciperanno i candidati sindaco, che si svolger\u00e0 domani a partire dalle 10 alla Citt\u00e0 Metropolitana. A moderare sar\u00e0 il giornalista della Gazzetta del Sud, Lucio D\u2019Amico, mentre ad introdurre sar\u00e0 Ivan Tripodi, segretario generale della Uil di Messina.<div id=\"div-gpt-ad-Messinaoggi.it-DSK-300x250-corpoart\" style=\"text-align:center;margin:0 auto;\"><\/div><\/p>\n<p style=\"text-align: justify\">Un vero e proprio Forum che punter\u00e0 a mettere al confronto il \u201cpessimismo della ragione e l\u2019ottimismo della volont\u00e0\u201d, perch\u00e9 mai come in questa campagna elettorale il lavoro come volano di sviluppo per il territorio e quindi per un\u2019intera comunit\u00e0.\u00a0 Ma soprattutto questa campagna elettorale si sta soffermando sui giovani, quei giovani che giornalmente lasciano Messina per trovare fortuna altrove, un\u2019emorragia a cui l\u2019amministrazione che verr\u00e0 deve porre fine mettendo sul piatto politiche ben precise.<div id=\"videoincontent\" style=\"clear:both\";><\/div><\/p>\n","protected":false},"excerpt":{"rendered":"<p>Lavoro, Diritti e Sviluppo. Ecco il tema della tavola rotonda a cui parteciperanno i candidati sindaco, che si svolger\u00e0 domani a partire dalle 10 alla Citt\u00e0 Metropolitana. A moderare sar\u00e0 il giornalista della Gazzetta del Sud, Lucio D\u2019Amico, mentre ad introdurre sar\u00e0 Ivan Tripodi, segretario generale della Uil di Messina. Un vero e proprio Forum [&hellip;]<\/p>\n","protected":false},"author":14,"featured_media":17138,"comment_status":"closed","ping_status":"open","sticky":false,"template":"","format":"standard","meta":{"ub_ctt_via":"","_mi_skip_tracking":false},"categories":[6],"tags":[],"featured_image_src":"https:\/\/www.messinaoggi.it\/website\/wp-content\/uploads\/2018\/03\/TRIPODI-IVAN-1.jpg","author_info":{"display_name":"Antonio Macauda","author_link":"https:\/\/www.messinaoggi.it\/website\/author\/a-macauda\/"},"digistream_id":0,"digistream":false,"_links":{"self":[{"href":"https:\/\/www.messinaoggi.it\/website\/wp-json\/wp\/v2\/posts\/19835"}],"collection":[{"href":"https:\/\/www.messinaoggi.it\/website\/wp-json\/wp\/v2\/posts"}],"about":[{"href":"https:\/\/www.messinaoggi.it\/website\/wp-json\/wp\/v2\/types\/post"}],"author":[{"embeddable":true,"href":"https:\/\/www.messinaoggi.it\/website\/wp-json\/wp\/v2\/users\/14"}],"replies":[{"embeddable":true,"href":"https:\/\/www.messinaoggi.it\/website\/wp-json\/wp\/v2\/comments?post=19835"}],"version-history":[{"count":0,"href":"https:\/\/www.messinaoggi.it\/website\/wp-json\/wp\/v2\/posts\/19835\/revisions"}],"wp:featuredmedia":[{"embeddable":true,"href":"https:\/\/www.messinaoggi.it\/website\/wp-json\/wp\/v2\/media\/17138"}],"wp:attachment":[{"href":"https:\/\/www.messinaoggi.it\/website\/wp-json\/wp\/v2\/media?parent=19835"}],"wp:term":[{"taxonomy":"category","embeddable":true,"href":"https:\/\/www.messinaoggi.it\/website\/wp-json\/wp\/v2\/categories?post=19835"},{"taxonomy":"post_tag","embeddable":true,"href":"https:\/\/www.messinaoggi.it\/website\/wp-json\/wp\/v2\/tags?post=19835"}],"curies":[{"name":"wp","href":"https:\/\/api.w.org\/{rel}","templated":true}]}}