{"id":198292,"date":"2024-05-19T18:07:27","date_gmt":"2024-05-19T16:07:27","guid":{"rendered":"http:\/\/www.messinaoggi.it\/website\/?p=198292"},"modified":"2024-05-19T18:07:58","modified_gmt":"2024-05-19T16:07:58","slug":"strage-di-gatti-allex-macello-e-spunta-una-taglia-da-2mila-euro","status":"publish","type":"post","link":"https:\/\/www.messinaoggi.it\/website\/2024\/05\/19\/strage-di-gatti-allex-macello-e-spunta-una-taglia-da-2mila-euro\/","title":{"rendered":"Strage di gatti all&#8217;ex macello e spunta una taglia da 2mila euro"},"content":{"rendered":"\n<p>Diversi gatti sono stati trovati morti, forse avvelenati all\u2019interno dell\u2019ex macello, una struttura in completo abbandono. A scoprire la strage le volontarie che accudiscono le colonie feline della zona. Sulla vicenda \u00e8 intervenuta la polizia locale; insorgono gli animalisti dell\u2019Associazione italiana difesa animali e ambiente, che parlano di \u201csituazione generale di odio contro gli animali. Luned\u00ec sporgeremo denuncia e da subito annunciamo una taglia di 2mila euro sugli eventuali responsabili di questa strage, taglia che sar\u00e0 pagata a chi con la sua denuncia formale fornita per iscritto alle autorit\u00e0 e con la successiva testimonianza consentir\u00e0 di individuare e far condannare in via definitiva l\u2019autore o gli autori\u201d.<div id=\"div-gpt-ad-Messinaoggi.it-DSK-300x250-corpoart\" style=\"text-align:center;margin:0 auto;\"><\/div><\/p>\n<div id=\"videoincontent\" style=\"clear:both\";><\/div>","protected":false},"excerpt":{"rendered":"<p>Diversi gatti sono stati trovati morti, forse avvelenati all\u2019interno dell\u2019ex macello, una struttura in completo abbandono. A scoprire la strage le volontarie che accudiscono le colonie feline della zona. Sulla vicenda \u00e8 intervenuta la polizia locale; insorgono gli animalisti dell\u2019Associazione italiana difesa animali e ambiente, che parlano di \u201csituazione generale di odio contro gli animali. [&hellip;]<\/p>\n","protected":false},"author":4,"featured_media":101409,"comment_status":"open","ping_status":"open","sticky":false,"template":"","format":"standard","meta":{"ub_ctt_via":"","_mi_skip_tracking":false},"categories":[19],"tags":[9952,3791],"featured_image_src":"https:\/\/www.messinaoggi.it\/website\/wp-content\/uploads\/2022\/03\/058670B0-9149-4740-95C2-ED6522A4E5B1.jpeg","author_info":{"display_name":"redme","author_link":"https:\/\/www.messinaoggi.it\/website\/author\/redme\/"},"digistream_id":0,"digistream":false,"_links":{"self":[{"href":"https:\/\/www.messinaoggi.it\/website\/wp-json\/wp\/v2\/posts\/198292"}],"collection":[{"href":"https:\/\/www.messinaoggi.it\/website\/wp-json\/wp\/v2\/posts"}],"about":[{"href":"https:\/\/www.messinaoggi.it\/website\/wp-json\/wp\/v2\/types\/post"}],"author":[{"embeddable":true,"href":"https:\/\/www.messinaoggi.it\/website\/wp-json\/wp\/v2\/users\/4"}],"replies":[{"embeddable":true,"href":"https:\/\/www.messinaoggi.it\/website\/wp-json\/wp\/v2\/comments?post=198292"}],"version-history":[{"count":2,"href":"https:\/\/www.messinaoggi.it\/website\/wp-json\/wp\/v2\/posts\/198292\/revisions"}],"predecessor-version":[{"id":198294,"href":"https:\/\/www.messinaoggi.it\/website\/wp-json\/wp\/v2\/posts\/198292\/revisions\/198294"}],"wp:featuredmedia":[{"embeddable":true,"href":"https:\/\/www.messinaoggi.it\/website\/wp-json\/wp\/v2\/media\/101409"}],"wp:attachment":[{"href":"https:\/\/www.messinaoggi.it\/website\/wp-json\/wp\/v2\/media?parent=198292"}],"wp:term":[{"taxonomy":"category","embeddable":true,"href":"https:\/\/www.messinaoggi.it\/website\/wp-json\/wp\/v2\/categories?post=198292"},{"taxonomy":"post_tag","embeddable":true,"href":"https:\/\/www.messinaoggi.it\/website\/wp-json\/wp\/v2\/tags?post=198292"}],"curies":[{"name":"wp","href":"https:\/\/api.w.org\/{rel}","templated":true}]}}