{"id":198187,"date":"2024-05-17T20:01:06","date_gmt":"2024-05-17T18:01:06","guid":{"rendered":"http:\/\/www.messinaoggi.it\/website\/?p=198187"},"modified":"2024-05-17T20:01:44","modified_gmt":"2024-05-17T18:01:44","slug":"antonello-da-messina-in-giro-per-la-citta-inaugurata-la-sesta-vettura-revampizzata-del-tram","status":"publish","type":"post","link":"https:\/\/www.messinaoggi.it\/website\/2024\/05\/17\/antonello-da-messina-in-giro-per-la-citta-inaugurata-la-sesta-vettura-revampizzata-del-tram\/","title":{"rendered":"&#8220;Antonello da Messina in giro per la citt\u00e0: inaugurata la sesta vettura revampizzata del tram"},"content":{"rendered":"\n<p>Dopo &#8220;Zancle&#8221;, &#8220;Duomo&#8221;, &#8220;Peloro&#8221;, &#8220;Messina&#8221; e &#8220;Nettuno&#8221;, da oggi, venerd\u00ec 17 maggio, circola in citt\u00e0 anche &#8220;Antonello da Messina&#8221;, la sesta vettura revampizzata del tram dedicata al grande pittore dalle origini messinesi. La suggestiva grafica, che ritrae il volto dell&#8217;artista, \u00e8 stata realizzata dagli studenti del liceo artistico &#8220;Seguenza&#8221;, su iniziativa del sindaco Federico Basile, supportata dal vicesindaco Mondello e condivisa da Atm. La presentazione del nuovo tram si \u00e8 svolta stamani davanti la fermata \u201cMunicipio\u201d, alla presenza del sindaco Federico Basile, del vice sindaco e assessore alla Mobilit\u00e0 urbana Salvatore Mondello, dell&#8217;assessore alle Politiche culturali Enzo Caruso, del presidente di Atm Giuseppe Campagna insieme ai consiglieri del CdA Carla Grillo e Salvatore Ignegneri, e del direttore generale dell\u2019Azienda Trasporti Claudio Iozzi.<div id=\"div-gpt-ad-Messinaoggi.it-DSK-300x250-corpoart\" style=\"text-align:center;margin:0 auto;\"><\/div><\/p>\n\n\n\n<p>&#8220;Inauguriamo questa vettura del tram dedicata ad &#8216;Antonello da Messina&#8217; &#8211; ha dichiarato il sindaco Basile &#8211; con la consapevolezza che il servizio tranviario \u00e8 fondamentale per la realizzazione di un sistema di mobilit\u00e0 sempre pi\u00f9 efficiente e sostenibile. Dobbiamo imparare a spostarci con i mezzi pubblici per migliorare la viabilit\u00e0 cittadina e salvaguardare l&#8217;ambiente&#8221;.<div id=\"videoincontent\" style=\"clear:both\";><\/div><\/p>\n\n\n\n<p>&#8220;L&#8217;Atm &#8211; ha affermato il vice sindaco Mondello &#8211; si sta dimostrando un&#8217;ottima alleata del Comune di Messina nella realizzazione di una mobilit\u00e0 moderna e attenta alle politiche della sostenibilit\u00e0 ambientale. La nostra idea di citt\u00e0 \u00e8 sempre pi\u00f9 vicina alla sua concreta realizzazione&#8221;.<\/p>\n\n\n\n<p>\u201cSiamo felici &#8211; ha detto il presidente Campagna &#8211; di poter mettere a disposizione della citt\u00e0 la sesta vettura revampizzata del tram. Se nei giorni scorsi non ci fosse stato l&#8217;incidente che ha coinvolto due vetture, oggi ne avremmo in circolazione otto. Purtroppo siamo fermi a sei, ma stiamo facendo il possibile per far riparare in tempi brevi una delle vetture incidentate e contemporaneamente siamo in attesa di riceverne un&#8217;altra. Il nostro obiettivo \u00e8 arrivare a otto vetture in servizio tra la fine di giugno e l&#8217;inizio di luglio. Nonostante i problemi ereditati dal passato &#8211; ha proseguito il presidente Campagna &#8211; Atm spa sta compiendo ogni sforzo per superare le criticit\u00e0 e garantire un servizio tranviario sempre pi\u00f9 integrato con il trasporto gommato e in grado di soddisfare le esigenze di mobilit\u00e0 dei cittadini. A breve, inizieranno anche i lavori per la riqualificazione della linea tranviaria, dalla quale deriveranno enormi benefici\u201d.<\/p>\n\n\n\n<p>&#8220;Siamo convinti &#8211; ha concluso Campagna &#8211; che il tram abbia un ruolo strategico nell&#8217;ambito della mobilit\u00e0 cittadina&#8221;.<\/p>\n","protected":false},"excerpt":{"rendered":"<p>Dopo &#8220;Zancle&#8221;, &#8220;Duomo&#8221;, &#8220;Peloro&#8221;, &#8220;Messina&#8221; e &#8220;Nettuno&#8221;, da oggi, venerd\u00ec 17 maggio, circola in citt\u00e0 anche &#8220;Antonello da Messina&#8221;, la sesta vettura revampizzata del tram dedicata al grande pittore dalle origini messinesi. La suggestiva grafica, che ritrae il volto dell&#8217;artista, \u00e8 stata realizzata dagli studenti del liceo artistico &#8220;Seguenza&#8221;, su iniziativa del sindaco Federico Basile, [&hellip;]<\/p>\n","protected":false},"author":4,"featured_media":198188,"comment_status":"open","ping_status":"open","sticky":false,"template":"","format":"standard","meta":{"ub_ctt_via":"","_mi_skip_tracking":false},"categories":[5],"tags":[1218],"featured_image_src":"https:\/\/www.messinaoggi.it\/website\/wp-content\/uploads\/2024\/05\/Screenshot_20240517_170922_Chrome.jpg","author_info":{"display_name":"redme","author_link":"https:\/\/www.messinaoggi.it\/website\/author\/redme\/"},"digistream_id":0,"digistream":false,"_links":{"self":[{"href":"https:\/\/www.messinaoggi.it\/website\/wp-json\/wp\/v2\/posts\/198187"}],"collection":[{"href":"https:\/\/www.messinaoggi.it\/website\/wp-json\/wp\/v2\/posts"}],"about":[{"href":"https:\/\/www.messinaoggi.it\/website\/wp-json\/wp\/v2\/types\/post"}],"author":[{"embeddable":true,"href":"https:\/\/www.messinaoggi.it\/website\/wp-json\/wp\/v2\/users\/4"}],"replies":[{"embeddable":true,"href":"https:\/\/www.messinaoggi.it\/website\/wp-json\/wp\/v2\/comments?post=198187"}],"version-history":[{"count":1,"href":"https:\/\/www.messinaoggi.it\/website\/wp-json\/wp\/v2\/posts\/198187\/revisions"}],"predecessor-version":[{"id":198189,"href":"https:\/\/www.messinaoggi.it\/website\/wp-json\/wp\/v2\/posts\/198187\/revisions\/198189"}],"wp:featuredmedia":[{"embeddable":true,"href":"https:\/\/www.messinaoggi.it\/website\/wp-json\/wp\/v2\/media\/198188"}],"wp:attachment":[{"href":"https:\/\/www.messinaoggi.it\/website\/wp-json\/wp\/v2\/media?parent=198187"}],"wp:term":[{"taxonomy":"category","embeddable":true,"href":"https:\/\/www.messinaoggi.it\/website\/wp-json\/wp\/v2\/categories?post=198187"},{"taxonomy":"post_tag","embeddable":true,"href":"https:\/\/www.messinaoggi.it\/website\/wp-json\/wp\/v2\/tags?post=198187"}],"curies":[{"name":"wp","href":"https:\/\/api.w.org\/{rel}","templated":true}]}}