{"id":197846,"date":"2024-05-15T07:44:23","date_gmt":"2024-05-15T05:44:23","guid":{"rendered":"http:\/\/www.messinaoggi.it\/website\/?p=197846"},"modified":"2024-05-15T07:44:24","modified_gmt":"2024-05-15T05:44:24","slug":"risanamento-oteri-a-quando-lavvio-dei-cantieri","status":"publish","type":"post","link":"https:\/\/www.messinaoggi.it\/website\/2024\/05\/15\/risanamento-oteri-a-quando-lavvio-dei-cantieri\/","title":{"rendered":"Risanamento, Oteri: &#8220;A quando l&#8217;avvio dei cantieri?&#8221;"},"content":{"rendered":"\n<p>&#8220;Troppe incertezze, troppi proclami rimasti sulla carta. L&#8217;amministrazione Basile deve rendere conto pubblicamente di quanto \u00e8 stato fatto finora sul risanamento delle aree degradate della citt\u00e0&#8221;. Cos\u00ec il consigliere del Gruppo Misto Cosimo Oteri, che ieri ha presentato un&#8217;interrogazione urgente sull&#8217;argomento al sindaco Federico Basile e all&#8217;assessore competente Salvatore Mondello.  <div id=\"div-gpt-ad-Messinaoggi.it-DSK-300x250-corpoart\" style=\"text-align:center;margin:0 auto;\"><\/div><\/p>\n\n\n\n<p>Il consigliere comunale evidenzia che per il recupero delle aree oggetto del risanamento sono stati destinati 99 milioni di euro, necessari per la costruzione di quasi 400 appartamenti, le cui gare per la progettazione e realizzazione sono state vinte nel gennaio 2023 da tre imprese. Al momento, per\u00f2, pare che nessun cantiere sia stato avviato, e per questo il consigliere ha chiesto al sindaco e all&#8217;assessore al ramo quali siano i motivi dei ritardi nonch\u00e9 se ci\u00f2 possono essere causa della perdita dei fondi in questione.<div id=\"videoincontent\" style=\"clear:both\";><\/div><\/p>\n\n\n\n<p>&#8220;Fondo Fucile e Fondo Sacc\u00e0 sono discariche a cielo aperto &#8211; aggiunge Oteri &#8211; e anche di altre aree della citt\u00e0 come Giostra o Annunziata si sa poco o nulla. Quello che temiamo \u00e8 che dopo aver perso oltre 16 milioni di euro, restituiti di recente all&#8217;Agenzia di Coesione, se ne perdano molti di pi\u00f9 con quelli destinati al risanamento. Quando troveranno mezz&#8217;ora di tempo tra un giro elettorale e l&#8217;altro a favore di De Luca, aspettiamo notizie in merito da Basile e Mondello&#8221;.\u00a0<\/p>\n","protected":false},"excerpt":{"rendered":"<p>&#8220;Troppe incertezze, troppi proclami rimasti sulla carta. L&#8217;amministrazione Basile deve rendere conto pubblicamente di quanto \u00e8 stato fatto finora sul risanamento delle aree degradate della citt\u00e0&#8221;. Cos\u00ec il consigliere del Gruppo Misto Cosimo Oteri, che ieri ha presentato un&#8217;interrogazione urgente sull&#8217;argomento al sindaco Federico Basile e all&#8217;assessore competente Salvatore Mondello. Il consigliere comunale evidenzia che [&hellip;]<\/p>\n","protected":false},"author":8,"featured_media":22849,"comment_status":"open","ping_status":"open","sticky":false,"template":"","format":"standard","meta":{"ub_ctt_via":"","_mi_skip_tracking":false},"categories":[4],"tags":[3280,642],"featured_image_src":"https:\/\/www.messinaoggi.it\/website\/wp-content\/uploads\/2018\/08\/baracche-Messina-tetti-messinaoggiMR-1.jpg","author_info":{"display_name":"red..me","author_link":"https:\/\/www.messinaoggi.it\/website\/author\/redstage\/"},"digistream_id":0,"digistream":false,"_links":{"self":[{"href":"https:\/\/www.messinaoggi.it\/website\/wp-json\/wp\/v2\/posts\/197846"}],"collection":[{"href":"https:\/\/www.messinaoggi.it\/website\/wp-json\/wp\/v2\/posts"}],"about":[{"href":"https:\/\/www.messinaoggi.it\/website\/wp-json\/wp\/v2\/types\/post"}],"author":[{"embeddable":true,"href":"https:\/\/www.messinaoggi.it\/website\/wp-json\/wp\/v2\/users\/8"}],"replies":[{"embeddable":true,"href":"https:\/\/www.messinaoggi.it\/website\/wp-json\/wp\/v2\/comments?post=197846"}],"version-history":[{"count":1,"href":"https:\/\/www.messinaoggi.it\/website\/wp-json\/wp\/v2\/posts\/197846\/revisions"}],"predecessor-version":[{"id":197847,"href":"https:\/\/www.messinaoggi.it\/website\/wp-json\/wp\/v2\/posts\/197846\/revisions\/197847"}],"wp:featuredmedia":[{"embeddable":true,"href":"https:\/\/www.messinaoggi.it\/website\/wp-json\/wp\/v2\/media\/22849"}],"wp:attachment":[{"href":"https:\/\/www.messinaoggi.it\/website\/wp-json\/wp\/v2\/media?parent=197846"}],"wp:term":[{"taxonomy":"category","embeddable":true,"href":"https:\/\/www.messinaoggi.it\/website\/wp-json\/wp\/v2\/categories?post=197846"},{"taxonomy":"post_tag","embeddable":true,"href":"https:\/\/www.messinaoggi.it\/website\/wp-json\/wp\/v2\/tags?post=197846"}],"curies":[{"name":"wp","href":"https:\/\/api.w.org\/{rel}","templated":true}]}}