{"id":197718,"date":"2024-05-14T12:14:54","date_gmt":"2024-05-14T10:14:54","guid":{"rendered":"http:\/\/www.messinaoggi.it\/website\/?p=197718"},"modified":"2024-05-14T12:14:55","modified_gmt":"2024-05-14T10:14:55","slug":"pala-rescifina-la-fauci-cifre-irrisorie-per-affitto-comune-ci-perde","status":"publish","type":"post","link":"https:\/\/www.messinaoggi.it\/website\/2024\/05\/14\/pala-rescifina-la-fauci-cifre-irrisorie-per-affitto-comune-ci-perde\/","title":{"rendered":"Pala Rescifina, La Fauci: &#8220;Cifre irrisorie per affitto, Comune ci perde&#8221;"},"content":{"rendered":"\n<p>il vice presidente supplente del Consiglio comunale <strong>Giandomenico La Fauci<\/strong> (Ora Sicilia) interviene con una nota sulle tariffe stabilite dal Comune di Messina per l&#8217;affitto del Pala Rescifina, ritenute troppo basse.<div id=\"div-gpt-ad-Messinaoggi.it-DSK-300x250-corpoart\" style=\"text-align:center;margin:0 auto;\"><\/div><\/p>\n\n\n\n<p>\u00abNei giorni scorsi ho presentato un\u2019interrogazione urgente per chiedere lumi, al sindaco Basile, sul tariffario attuale per la locazione del Pala Rescifina. In questo periodo, infatti, sono tantissimi gli eventi che si stanno svolgendo e svolgeranno nei mesi prossimi nella struttura della zona sud della citt\u00e0. Importantissimi concerti che porteranno nella nostra Messina artisti di primissimo livello, cosa che muover\u00e0 l\u2019indotto dell\u2019intero territorio in maniera, certamente, importante.\u00a0Questo, per\u00f2, non significa che il Comune di Messina debba perderci. S\u00ec, perch\u00e9 organizzare un evento al Pala Rescifina non costa poi molto. \u201cSolo\u201d 1500 euro per l\u2019affitto di una singola giornata, a fronte di manifestazioni che hanno costi per l\u2019utente (il biglietto) tutt\u2019altro che irrisori\u00bb. <div id=\"videoincontent\" style=\"clear:both\";><\/div><\/p>\n\n\n\n<p>\u00abChiaro, la cifra va intesa per singolo giorno, &#8211; continua La Fauci &#8211; quindi andr\u00e0 moltiplicata per tre visto che i promotori necessitano di un giorno per il montaggio del sistema di palco e luci e uno per lo smontaggio. Per un totale di 4500 euro.\u00a0La cifra incassata dal Comune di Messina \u00e8, comunque, alquanto bassa in proporzione ai costi e ai guadagni del promotore dell\u2019evento. L\u2019amministrazione, infatti, deve \u201cinvestire\u201d per il normale e regolare svolgimento dell\u2019evento in questione. Parliamo, per esempio, dei servizi di polizia municipale o delle navette (a titolo gratuito) che, per\u00f2, prevedono un lavoro straordinario sia degli agenti che dei dipendenti dell\u2019ATM. Spese, spese, spese\u2026 per incassare tra 1500 e 4500 euro?\u00a0Siamo di fronte, in maniera evidente, a un errore di superficialit\u00e0 visto che questo tariffario era stato rimodulato durante il periodo di pandemia da Covid-19\u00bb.<\/p>\n\n\n\n<div class=\"wp-block-group\"><div class=\"wp-block-group__inner-container\">\n<figure class=\"wp-block-image size-large\"><img loading=\"lazy\" width=\"764\" height=\"531\" src=\"http:\/\/www.messinaoggi.it\/website\/wp-content\/uploads\/2018\/08\/Giandomenico-La-Fauci-1.jpg\" alt=\"\" class=\"wp-image-23132\"\/><figcaption>Giandomenico La Fauci<\/figcaption><\/figure>\n<\/div><\/div>\n\n\n\n<p>\u00abLe cifre erano, quindi, inferiori al normale &#8211; spiega &#8211; visto che l\u2019organizzazione dell\u2019evento riguardava ben altri numeri.\u00a0L\u2019emergenza pandemica, per\u00f2, \u00e8 terminata da un bel po\u2019, per questo sarebbe il caso di tornare alle vecchie tariffe. Chiaro, l\u2019amministrazione deve tutelare la possibilit\u00e0 di incrementare il numero di eventi in citt\u00e0, ma senza andare in perdita. Facile pensare, infatti, che molti degli eventi previsti siano stati \u201cfavoriti\u201d dalla bassa richiesta formulata ai promotori.Il mio invito, oltre a quello di ripristinare le tariffe alla versione pre-pandemia, \u00e8 quello di fornire una tabella pubblica e facilmente accessibile, cos\u00ec da far trionfare la trasparenza ed eliminare ogni speculazione su possibili iniquit\u00e0 o trattamenti preferenziali\u00bb.<\/p>\n\n\n\n<p>E conclude \u00abribadendo quanto sia lodevole la continuit\u00e0 con cui questa amministrazione stia riuscendo a convogliare un grande numero di eventi nella nostra citt\u00e0 &#8211; che creano indubbiamente ricchezza -, nonostante un\u2019altissima concorrenza che, nel futuro, sar\u00e0 sempre pi\u00f9 crescente. Questo, per\u00f2, non significa che il tutto debba essere fatto a discapito della casse comunali finendo per diventare un mezzo anche di propaganda\u00bb. \u00a0<\/p>\n","protected":false},"excerpt":{"rendered":"<p>il vice presidente supplente del Consiglio comunale Giandomenico La Fauci (Ora Sicilia) interviene con una nota sulle tariffe stabilite dal Comune di Messina per l&#8217;affitto del Pala Rescifina, ritenute troppo basse. \u00abNei giorni scorsi ho presentato un\u2019interrogazione urgente per chiedere lumi, al sindaco Basile, sul tariffario attuale per la locazione del Pala Rescifina. In questo [&hellip;]<\/p>\n","protected":false},"author":15,"featured_media":149184,"comment_status":"open","ping_status":"open","sticky":false,"template":"","format":"standard","meta":{"ub_ctt_via":"","_mi_skip_tracking":false},"categories":[6],"tags":[3367,4167,1217,1141],"featured_image_src":"https:\/\/www.messinaoggi.it\/website\/wp-content\/uploads\/2023\/04\/Palarescifina.jpg","author_info":{"display_name":"red.me","author_link":"https:\/\/www.messinaoggi.it\/website\/author\/red-me\/"},"digistream_id":0,"digistream":false,"_links":{"self":[{"href":"https:\/\/www.messinaoggi.it\/website\/wp-json\/wp\/v2\/posts\/197718"}],"collection":[{"href":"https:\/\/www.messinaoggi.it\/website\/wp-json\/wp\/v2\/posts"}],"about":[{"href":"https:\/\/www.messinaoggi.it\/website\/wp-json\/wp\/v2\/types\/post"}],"author":[{"embeddable":true,"href":"https:\/\/www.messinaoggi.it\/website\/wp-json\/wp\/v2\/users\/15"}],"replies":[{"embeddable":true,"href":"https:\/\/www.messinaoggi.it\/website\/wp-json\/wp\/v2\/comments?post=197718"}],"version-history":[{"count":5,"href":"https:\/\/www.messinaoggi.it\/website\/wp-json\/wp\/v2\/posts\/197718\/revisions"}],"predecessor-version":[{"id":197733,"href":"https:\/\/www.messinaoggi.it\/website\/wp-json\/wp\/v2\/posts\/197718\/revisions\/197733"}],"wp:featuredmedia":[{"embeddable":true,"href":"https:\/\/www.messinaoggi.it\/website\/wp-json\/wp\/v2\/media\/149184"}],"wp:attachment":[{"href":"https:\/\/www.messinaoggi.it\/website\/wp-json\/wp\/v2\/media?parent=197718"}],"wp:term":[{"taxonomy":"category","embeddable":true,"href":"https:\/\/www.messinaoggi.it\/website\/wp-json\/wp\/v2\/categories?post=197718"},{"taxonomy":"post_tag","embeddable":true,"href":"https:\/\/www.messinaoggi.it\/website\/wp-json\/wp\/v2\/tags?post=197718"}],"curies":[{"name":"wp","href":"https:\/\/api.w.org\/{rel}","templated":true}]}}