{"id":197608,"date":"2024-05-13T17:30:45","date_gmt":"2024-05-13T15:30:45","guid":{"rendered":"http:\/\/www.messinaoggi.it\/website\/?p=197608"},"modified":"2024-05-13T17:31:01","modified_gmt":"2024-05-13T15:31:01","slug":"meteo-pazzo-arrivano-caldo-e-sabbia-del-sahara","status":"publish","type":"post","link":"https:\/\/www.messinaoggi.it\/website\/2024\/05\/13\/meteo-pazzo-arrivano-caldo-e-sabbia-del-sahara\/","title":{"rendered":"Meteo pazzo: arrivano caldo e sabbia del Sahara"},"content":{"rendered":"\n<p>La settimana si apre con una nuova fase meteorologica caratterizzata da un caldo anomalo al Sud, con una fiammata africana e punte di 35 gradi in Sicilia, e la scomoda presenza sull\u2019Europa occidentale di un vortice di bassa pressione che porter\u00e0 maltempo al Nord fino a venerd\u00ec. Il Meridione vedr\u00e0 l\u2019arrivo di una notevole quantit\u00e0 di pulviscolo del deserto in sospensione e un considerevole aumento delle temperature. Gioved\u00ec e venerd\u00ec prossimi in Sicilia potrebbe essere abbattuto il tetto dei 30 gradi, con minime intorno ai 20.<div id=\"div-gpt-ad-Messinaoggi.it-DSK-300x250-corpoart\" style=\"text-align:center;margin:0 auto;\"><\/div><\/p>\n<div id=\"videoincontent\" style=\"clear:both\";><\/div>","protected":false},"excerpt":{"rendered":"<p>La settimana si apre con una nuova fase meteorologica caratterizzata da un caldo anomalo al Sud, con una fiammata africana e punte di 35 gradi in Sicilia, e la scomoda presenza sull\u2019Europa occidentale di un vortice di bassa pressione che porter\u00e0 maltempo al Nord fino a venerd\u00ec. Il Meridione vedr\u00e0 l\u2019arrivo di una notevole quantit\u00e0 [&hellip;]<\/p>\n","protected":false},"author":4,"featured_media":22802,"comment_status":"open","ping_status":"open","sticky":false,"template":"","format":"standard","meta":{"ub_ctt_via":"","_mi_skip_tracking":false},"categories":[6],"tags":[1494,178,8412],"featured_image_src":"https:\/\/www.messinaoggi.it\/website\/wp-content\/uploads\/2018\/08\/caldo-estate-1.jpg","author_info":{"display_name":"redme","author_link":"https:\/\/www.messinaoggi.it\/website\/author\/redme\/"},"digistream_id":0,"digistream":false,"_links":{"self":[{"href":"https:\/\/www.messinaoggi.it\/website\/wp-json\/wp\/v2\/posts\/197608"}],"collection":[{"href":"https:\/\/www.messinaoggi.it\/website\/wp-json\/wp\/v2\/posts"}],"about":[{"href":"https:\/\/www.messinaoggi.it\/website\/wp-json\/wp\/v2\/types\/post"}],"author":[{"embeddable":true,"href":"https:\/\/www.messinaoggi.it\/website\/wp-json\/wp\/v2\/users\/4"}],"replies":[{"embeddable":true,"href":"https:\/\/www.messinaoggi.it\/website\/wp-json\/wp\/v2\/comments?post=197608"}],"version-history":[{"count":1,"href":"https:\/\/www.messinaoggi.it\/website\/wp-json\/wp\/v2\/posts\/197608\/revisions"}],"predecessor-version":[{"id":197609,"href":"https:\/\/www.messinaoggi.it\/website\/wp-json\/wp\/v2\/posts\/197608\/revisions\/197609"}],"wp:featuredmedia":[{"embeddable":true,"href":"https:\/\/www.messinaoggi.it\/website\/wp-json\/wp\/v2\/media\/22802"}],"wp:attachment":[{"href":"https:\/\/www.messinaoggi.it\/website\/wp-json\/wp\/v2\/media?parent=197608"}],"wp:term":[{"taxonomy":"category","embeddable":true,"href":"https:\/\/www.messinaoggi.it\/website\/wp-json\/wp\/v2\/categories?post=197608"},{"taxonomy":"post_tag","embeddable":true,"href":"https:\/\/www.messinaoggi.it\/website\/wp-json\/wp\/v2\/tags?post=197608"}],"curies":[{"name":"wp","href":"https:\/\/api.w.org\/{rel}","templated":true}]}}