{"id":19747,"date":"2018-05-23T16:28:55","date_gmt":"2018-05-23T14:28:55","guid":{"rendered":"http:\/\/www.messinaoggi.it\/website\/?p=19747"},"modified":"2018-05-23T16:28:55","modified_gmt":"2018-05-23T14:28:55","slug":"eleme-alessandra-colosi-ha-le-idee-chiare-voglio-essere-la-voce-dei-giovani-che-non-vogliono-andar-via","status":"publish","type":"post","link":"https:\/\/www.messinaoggi.it\/website\/2018\/05\/23\/eleme-alessandra-colosi-ha-le-idee-chiare-voglio-essere-la-voce-dei-giovani-che-non-vogliono-andar-via\/","title":{"rendered":"EleMe, Alessandra Colosi ha le idee chiare: &quot;Voglio essere la voce dei giovani che non vogliono andar via&quot;"},"content":{"rendered":"<p>L\u2019entusiasmo dei 25 anni, una laurea triennale in Economia e un\u2019altra in arrivo, un sorriso sgargiante e le idee chiare. Alessandra Colosi \u00e8 uno dei volti nuovi su cui punta Forza Italia per ottenere un grande risultato il prossimo 10 giugno. Il suo comitato elettorale nel cuore di piazza Cairoli, ormai da tempo \u00e8 un punto di riferimento per amici e sostenitori.<br \/>\n<strong>Alessandra, come nasce questo tuo impegno in prima persona in vista del 10 giugno?<\/strong><br \/>\nVoglio essere la voce dei giovani, della mia generazione, quella generazione che vive il dramma dell\u2019assenza del lavoro. Credo che in questi anni di parole ne siano state spese tante, forse troppe, ma se al momento in cui ci si deve misurare con il giudizio elettorale si hanno dubbi e timori allora le cose non cambieranno mai. Credo che senza l\u2019impegno in prima linea, senza la voglia di mettersi in gioco e farsi conoscere non si potranno mai cambiare le cose.<br \/>\n<strong>La lista in cui ti candidi \u00e8 proprio quella di Forza Italia. L\u00ec ci sono tanti nomi illustri, stiamo parlando di una realt\u00e0 competitiva, non hai paura?<\/strong><br \/>\nRitengo che Forza Italia rappresenti il centrodestra, i moderati, Berlusconi nonostante la sua et\u00e0 \u00e8 un punto di riferimento. Credo che ancora abbia molto da dare sotto il profilo dell\u2019innovazione, delle politiche del lavoro, imprenditoria e ricerca. Non mi fa paura competere nel partito, volevo dare un\u2019impronta politica alla mia avventura e lo sto facendo al meglio.<br \/>\n<strong>Da giovane, come hai vissuto nella Messina di questi ultimi 5 anni?<\/strong><br \/>\nRispetto a 5 anni fa ho visto molta incuria, una citt\u00e0 abbandonata al proprio destino. Credo che in questi anni sia mancata un\u2019idea per lo sviluppo della citt\u00e0, c\u2019\u00e8 un\u2019emorragia \u00a0di giovani che abbandonano Messina per andare a cercare fortuna altrove, questa cosa \u00e8 inaccettabile.<br \/>\n<strong>In Consiglio Comunale vorrai essere la portavoce di chi?<\/strong><br \/>\nInnanzitutto dei commercianti, dei piccoli imprenditori che quotidianamente si alzano la mattina e cercano di portare il pane a casa alzando una saracinesca. Queste persone purtroppo tante volte devono fare i conti con la burocrazia, con un\u2019amministrazione che non li ascolta. Credo che dobbiamo avvicinarci al mare, abbiamo questa enorme risorsa che non sappiamo sfruttare a pieno, abbiamo un grosso potenziale inespresso da sfruttare per migliorare le condizioni di questa citt\u00e0<br \/>\n<strong>Tu, naturalmente, sosterrai la corsa di Dino Bramanti nella corsa verso Palazzo Zanca. Che sindaco pu\u00f2 essere?<\/strong><br \/>\nUn ottimo sindaco, il suo curriculum parla per lui. Ha fatto grande L\u2019Irccs, sta rivitalizzando il Piemonte mentre \u00e8 altrettanto importante quello che sta facendo all\u2019Istituto Marino. E\u2019 espressione della societ\u00e0 civile, pu\u00f2 essere la carta vincente, cos\u00ec come pu\u00f2 fare la differenza la sua vicinanza al Governo regionale. L\u2019interlocuzione con le altre realt\u00e0 \u00e8 fondamentale. Messina in questi anni ha pagato l\u2019assenza di progetti capaci di intercettare fondi europei, lui ha dimostrato di essere all\u2019altezza di fare tutto questo.<br \/>\n<strong>Le tue conoscenze personali in che modo possono esserti utili tra i banchi del Consiglio Comue?<\/strong><br \/>\nHo quasi due lauree e un master, so cosa vogliono dire pianificazione e controllo economico, naturalmente politicamente \u00a0dovr\u00f2 fare le mie esperienze, ma imparo in fretta. Credo che il Consiglio Comunale debba recuperare un po\u2019 di credito agli occhi della citt\u00e0, deve ritornare ad essere quel luogo di confronto e proposta non sempre \u00e8 stato negli ultimi anni.<div id=\"div-gpt-ad-Messinaoggi.it-DSK-300x250-corpoart\" style=\"text-align:center;margin:0 auto;\"><\/div><\/p>\n<div id=\"videoincontent\" style=\"clear:both\";><\/div>","protected":false},"excerpt":{"rendered":"<p>L\u2019entusiasmo dei 25 anni, una laurea triennale in Economia e un\u2019altra in arrivo, un sorriso sgargiante e le idee chiare. Alessandra Colosi \u00e8 uno dei volti nuovi su cui punta Forza Italia per ottenere un grande risultato il prossimo 10 giugno. Il suo comitato elettorale nel cuore di piazza Cairoli, ormai da tempo \u00e8 un [&hellip;]<\/p>\n","protected":false},"author":14,"featured_media":19748,"comment_status":"closed","ping_status":"open","sticky":false,"template":"","format":"standard","meta":{"ub_ctt_via":"","_mi_skip_tracking":false},"categories":[4],"tags":[],"featured_image_src":"https:\/\/www.messinaoggi.it\/website\/wp-content\/uploads\/2018\/05\/colosi-1.jpg","author_info":{"display_name":"Antonio Macauda","author_link":"https:\/\/www.messinaoggi.it\/website\/author\/a-macauda\/"},"digistream_id":0,"digistream":false,"_links":{"self":[{"href":"https:\/\/www.messinaoggi.it\/website\/wp-json\/wp\/v2\/posts\/19747"}],"collection":[{"href":"https:\/\/www.messinaoggi.it\/website\/wp-json\/wp\/v2\/posts"}],"about":[{"href":"https:\/\/www.messinaoggi.it\/website\/wp-json\/wp\/v2\/types\/post"}],"author":[{"embeddable":true,"href":"https:\/\/www.messinaoggi.it\/website\/wp-json\/wp\/v2\/users\/14"}],"replies":[{"embeddable":true,"href":"https:\/\/www.messinaoggi.it\/website\/wp-json\/wp\/v2\/comments?post=19747"}],"version-history":[{"count":0,"href":"https:\/\/www.messinaoggi.it\/website\/wp-json\/wp\/v2\/posts\/19747\/revisions"}],"wp:featuredmedia":[{"embeddable":true,"href":"https:\/\/www.messinaoggi.it\/website\/wp-json\/wp\/v2\/media\/19748"}],"wp:attachment":[{"href":"https:\/\/www.messinaoggi.it\/website\/wp-json\/wp\/v2\/media?parent=19747"}],"wp:term":[{"taxonomy":"category","embeddable":true,"href":"https:\/\/www.messinaoggi.it\/website\/wp-json\/wp\/v2\/categories?post=19747"},{"taxonomy":"post_tag","embeddable":true,"href":"https:\/\/www.messinaoggi.it\/website\/wp-json\/wp\/v2\/tags?post=19747"}],"curies":[{"name":"wp","href":"https:\/\/api.w.org\/{rel}","templated":true}]}}