{"id":19727,"date":"2018-05-23T12:36:54","date_gmt":"2018-05-23T10:36:54","guid":{"rendered":"http:\/\/www.messinaoggi.it\/website\/?p=19727"},"modified":"2018-05-23T12:36:54","modified_gmt":"2018-05-23T10:36:54","slug":"sal-costa-presenta-il-mercante-di-dio-un-volume-che-ricostruisce-il-mistero-che-avvolge-la-vita-di-gesu","status":"publish","type":"post","link":"https:\/\/www.messinaoggi.it\/website\/2018\/05\/23\/sal-costa-presenta-il-mercante-di-dio-un-volume-che-ricostruisce-il-mistero-che-avvolge-la-vita-di-gesu\/","title":{"rendered":"Sal Costa presenta Il mercante di Dio, un volume che ricostruisce il mistero  che avvolge la vita di Ges\u00f9"},"content":{"rendered":"<p>Sabato, alle ore 18.30, presso Z\u014d Centro Culture Contemporanee (piazzale Asia) di Catania, sar\u00e0 presentato il volume dal titolo<em> Il mercante di Dio<\/em>\u00a0del catanese Sal Costa, pubblicato da \u00a0<strong>Bonfirraro editore<\/strong> e \u00a0uscito in occasione del Salone del Libro di Torino.<br \/>\n<em>\u00a0<\/em>Il romanzo\u00a0racconta i diciassette anni perduti della\u00a0<strong>vita di Ges\u00f9 Cristo<\/strong>, anni che non compaiono in nessun Vangelo (canonico o apocrifo), n\u00e9 deducibili da alcuna fonte storica. In esso vengono trattati temi di\u00a0<strong>viaggi, avventure, amicizia, amore paterno e in qualche modo filiale<\/strong>.<br \/>\nIl protagonista, nonch\u00e9 voce narrante, \u00e8 Salomon, il mercante.<br \/>\nLa narrazione, storicamente attendibile, ricostruisce il mondo ebraico dal quale scatur\u00ec la vita e il\u00a0<strong>pensiero di Ges\u00f9<\/strong>\u00a0e cos\u00ec ci svela il vero, o i veri motivi a contendere fra l\u2019ebraismo di Ges\u00f9 e quello del Sinedrio, un distacco che la cultura cristiano cattolica non ha mai spiegato, mostrandoci un Cristo gi\u00e0 nato \u201ccristiano\u201d, mostrando distanze inesistenti fra\u00a0<strong>Cristo e l\u2019ebraismo<\/strong>.<br \/>\nNel rispetto dei Vangeli, l\u2019autore non entra mai nel merito dei fatti da essi descritti. Accenna, qualche volta, ma senza creare contrasti, ad alcune parabole come fossero gli indizi di una maturazione a venire di un Ges\u00f9 che si era allontanato dalla Galilea all\u2019et\u00e0 di tredici anni, aveva viaggiato col mercante, da mercante, formandosi, conoscendo genti e culture differenti, per farvi ritorno a trent\u2019anni, pronto al sacrificio. Ges\u00f9 in un\u2019esperienza umana fondamentale, a contatto con terre e genti lontanissime, sulle rotte commerciali d\u2019Oriente, da Gerusalemme a Petra, a Palmyra, in Siria, e poi gi\u00f9 per l\u2019Arabia Felix, fino allo Yemen e all\u2019India. Ma il romanzo fa di pi\u00f9: ci svela un mondo antico ma sempre attuale nel quale la cultura, le religioni, la filosofia, le lingue, la scienza si muovono insieme alle merci. Il commercio come vero motore dell\u2019umanit\u00e0 e unico mezzo di diffusione del pensiero e della tecnica, almeno fino all\u2019invenzione della stampa.<br \/>\nIl libro sar\u00e0 in libreria da fine maggio.<br \/>\nA dialogare con l\u2019autore saranno l\u2019editore Salvo Bonfirraro e padre Orazio Barberino.<br \/>\nUn evento da non perdere per cercare di dare una spiegazione a un mistero di Fede.<div id=\"div-gpt-ad-Messinaoggi.it-DSK-300x250-corpoart\" style=\"text-align:center;margin:0 auto;\"><\/div><\/p>\n<div id=\"videoincontent\" style=\"clear:both\";><\/div>","protected":false},"excerpt":{"rendered":"<p>Sabato, alle ore 18.30, presso Z\u014d Centro Culture Contemporanee (piazzale Asia) di Catania, sar\u00e0 presentato il volume dal titolo Il mercante di Dio\u00a0del catanese Sal Costa, pubblicato da \u00a0Bonfirraro editore e \u00a0uscito in occasione del Salone del Libro di Torino. \u00a0Il romanzo\u00a0racconta i diciassette anni perduti della\u00a0vita di Ges\u00f9 Cristo, anni che non compaiono in [&hellip;]<\/p>\n","protected":false},"author":5,"featured_media":19734,"comment_status":"closed","ping_status":"open","sticky":false,"template":"","format":"standard","meta":{"ub_ctt_via":"","_mi_skip_tracking":false},"categories":[16],"tags":[],"featured_image_src":"https:\/\/www.messinaoggi.it\/website\/wp-content\/uploads\/2018\/05\/front-copertina1-1.jpg","author_info":{"display_name":"Maria Antonella Saia","author_link":"https:\/\/www.messinaoggi.it\/website\/author\/m-saia\/"},"digistream_id":0,"digistream":false,"_links":{"self":[{"href":"https:\/\/www.messinaoggi.it\/website\/wp-json\/wp\/v2\/posts\/19727"}],"collection":[{"href":"https:\/\/www.messinaoggi.it\/website\/wp-json\/wp\/v2\/posts"}],"about":[{"href":"https:\/\/www.messinaoggi.it\/website\/wp-json\/wp\/v2\/types\/post"}],"author":[{"embeddable":true,"href":"https:\/\/www.messinaoggi.it\/website\/wp-json\/wp\/v2\/users\/5"}],"replies":[{"embeddable":true,"href":"https:\/\/www.messinaoggi.it\/website\/wp-json\/wp\/v2\/comments?post=19727"}],"version-history":[{"count":0,"href":"https:\/\/www.messinaoggi.it\/website\/wp-json\/wp\/v2\/posts\/19727\/revisions"}],"wp:featuredmedia":[{"embeddable":true,"href":"https:\/\/www.messinaoggi.it\/website\/wp-json\/wp\/v2\/media\/19734"}],"wp:attachment":[{"href":"https:\/\/www.messinaoggi.it\/website\/wp-json\/wp\/v2\/media?parent=19727"}],"wp:term":[{"taxonomy":"category","embeddable":true,"href":"https:\/\/www.messinaoggi.it\/website\/wp-json\/wp\/v2\/categories?post=19727"},{"taxonomy":"post_tag","embeddable":true,"href":"https:\/\/www.messinaoggi.it\/website\/wp-json\/wp\/v2\/tags?post=19727"}],"curies":[{"name":"wp","href":"https:\/\/api.w.org\/{rel}","templated":true}]}}