{"id":19722,"date":"2018-05-23T10:56:44","date_gmt":"2018-05-23T08:56:44","guid":{"rendered":"http:\/\/www.messinaoggi.it\/website\/?p=19722"},"modified":"2018-05-23T10:56:44","modified_gmt":"2018-05-23T08:56:44","slug":"al-via-lviii-edizione-di-taobuk-sabato-la-conferenza-stampa","status":"publish","type":"post","link":"https:\/\/www.messinaoggi.it\/website\/2018\/05\/23\/al-via-lviii-edizione-di-taobuk-sabato-la-conferenza-stampa\/","title":{"rendered":"Al via l&#039;VIII edizione di Taobuk. Sabato la conferenza  stampa"},"content":{"rendered":"<p>Sabato, alle ore 10.30, \u00a0presso gli Uffici della Regione Sicilia situati nell\u2019ex palazzo dell\u2019Esa a Catania, avr\u00e0 luogo\u00a0 la conferenza stampa di presentazione dell\u2019ottava edizione di Taobuk, il Festival internazionale del Libro di Taormina, \u00a0che prender\u00e0 il via oggi e si protrarr\u00e0 fino al 2 giugno. Quest&#8217;anno il tema scelto come filo conduttore di incontri, presentazioni e dibattiti \u00e8\u00a0<span style=\"text-decoration: underline\"><a href=\"https:\/\/www.facebook.com\/hashtag\/rivoluzioni\">#Rivoluzioni<\/a>.<\/span><br \/>\nNel corso della conferenza stampa\u00a0<a href=\"https:\/\/www.facebook.com\/antonella.ferrara.777\">Antonella Ferrara<\/a>, presidente e fondatrice di TaoBuk, presenter\u00e0 il programma dell&#8217;evento.<br \/>\nPrenderanno parte all\u2019evento\u00a0<a href=\"https:\/\/www.facebook.com\/sandro.pappalardo.77\">Sandro Pappalardo<\/a>\u00a0(assessore del Turismo, sport e spettacolo della Regione Siciliana),\u00a0<a href=\"https:\/\/www.facebook.com\/sebastiano.tusa\">Sebastiano Tusa<\/a>\u00a0(assessore dei Beni Culturali e dell&#8217;Identit\u00e0 Siciliana della Regione Siciliana), Elio Giardina (sindaco di Taormina), Salvatore Cilona (assessore del Turismo e dello Spettacolo del Comune di Taormina), Antonio Lo Monaco (assessore delle Politiche culturali del Comune di Taormina),\u00a0<a href=\"https:\/\/www.facebook.com\/profile.php?id=100008189770422\">Vera Greco<\/a>\u00a0(direttore del Parco archeologico Naxos Taormina),\u00a0<a href=\"https:\/\/www.facebook.com\/italo.mennella\">Italo Mennella<\/a>\u00a0(presidente dell&#8217;Associazione Albergatori di Taormina),\u00a0<a href=\"https:\/\/www.facebook.com\/ninni.panzera\">Ninni Panzera<\/a>\u00a0(segretario generale di Taormina Arte).<br \/>\nOccasione imperdibile per essere travolti dal meraviglioso\u00a0 aroma della cultura.<br \/>\n <div id=\"div-gpt-ad-Messinaoggi.it-DSK-300x250-corpoart\" style=\"text-align:center;margin:0 auto;\"><\/div><\/p>\n<div id=\"videoincontent\" style=\"clear:both\";><\/div>","protected":false},"excerpt":{"rendered":"<p>Sabato, alle ore 10.30, \u00a0presso gli Uffici della Regione Sicilia situati nell\u2019ex palazzo dell\u2019Esa a Catania, avr\u00e0 luogo\u00a0 la conferenza stampa di presentazione dell\u2019ottava edizione di Taobuk, il Festival internazionale del Libro di Taormina, \u00a0che prender\u00e0 il via oggi e si protrarr\u00e0 fino al 2 giugno. Quest&#8217;anno il tema scelto come filo conduttore di incontri, [&hellip;]<\/p>\n","protected":false},"author":5,"featured_media":19224,"comment_status":"closed","ping_status":"open","sticky":false,"template":"","format":"standard","meta":{"ub_ctt_via":"","_mi_skip_tracking":false},"categories":[16],"tags":[],"featured_image_src":"https:\/\/www.messinaoggi.it\/website\/wp-content\/uploads\/2018\/05\/2521-1.jpg","author_info":{"display_name":"Maria Antonella Saia","author_link":"https:\/\/www.messinaoggi.it\/website\/author\/m-saia\/"},"digistream_id":0,"digistream":false,"_links":{"self":[{"href":"https:\/\/www.messinaoggi.it\/website\/wp-json\/wp\/v2\/posts\/19722"}],"collection":[{"href":"https:\/\/www.messinaoggi.it\/website\/wp-json\/wp\/v2\/posts"}],"about":[{"href":"https:\/\/www.messinaoggi.it\/website\/wp-json\/wp\/v2\/types\/post"}],"author":[{"embeddable":true,"href":"https:\/\/www.messinaoggi.it\/website\/wp-json\/wp\/v2\/users\/5"}],"replies":[{"embeddable":true,"href":"https:\/\/www.messinaoggi.it\/website\/wp-json\/wp\/v2\/comments?post=19722"}],"version-history":[{"count":0,"href":"https:\/\/www.messinaoggi.it\/website\/wp-json\/wp\/v2\/posts\/19722\/revisions"}],"wp:featuredmedia":[{"embeddable":true,"href":"https:\/\/www.messinaoggi.it\/website\/wp-json\/wp\/v2\/media\/19224"}],"wp:attachment":[{"href":"https:\/\/www.messinaoggi.it\/website\/wp-json\/wp\/v2\/media?parent=19722"}],"wp:term":[{"taxonomy":"category","embeddable":true,"href":"https:\/\/www.messinaoggi.it\/website\/wp-json\/wp\/v2\/categories?post=19722"},{"taxonomy":"post_tag","embeddable":true,"href":"https:\/\/www.messinaoggi.it\/website\/wp-json\/wp\/v2\/tags?post=19722"}],"curies":[{"name":"wp","href":"https:\/\/api.w.org\/{rel}","templated":true}]}}