{"id":197141,"date":"2024-05-09T08:19:06","date_gmt":"2024-05-09T06:19:06","guid":{"rendered":"http:\/\/www.messinaoggi.it\/website\/?p=197141"},"modified":"2024-05-09T08:19:10","modified_gmt":"2024-05-09T06:19:10","slug":"tirocini-dinclusione-siglate-convenzioni-tra-social-city-ed-enti-ospitanti","status":"publish","type":"post","link":"https:\/\/www.messinaoggi.it\/website\/2024\/05\/09\/tirocini-dinclusione-siglate-convenzioni-tra-social-city-ed-enti-ospitanti\/","title":{"rendered":"Tirocini d\u2019inclusione, siglate convenzioni tra Social City ed enti ospitanti"},"content":{"rendered":"\n<p>L\u2019azienda speciale Messina Social City, nel corso di un incontro tenutosi ieri a palazzo Zanca, ha ufficialmente siglato le convenzioni con gli enti ospitanti per avviare i tirocini d\u2019inclusione sociale nell&#8217;ambito del progetto &#8220;Completamento Percorsi Nuovi dell&#8217;Abitare&#8221;, finanziato dal PON METRO ME3.1.1.a. All\u2019appuntamento, a cui era presente il sindaco Federico Basile, hanno preso parte il direttore generale del Comune Salvo Puccio, l&#8217;assessora alle Politiche sociali Alessandra Calafiore, la presidente della Messina Social City Valeria Asquini con la componente il CdA Daniela Bruno; e in qualit\u00e0 di enti ospitanti hanno preso parte anche i rappresentanti delle altre Partecipate comunali le presidenti, della MessinaServizi Bene Comune Maria Grazia Interdonato, di AMAM SpA Loredana Bonasera, per ATM la componete il CdA Carla Grillo e per A.ris.M\u00e9 il presidente Vincenzo La Cava.<div id=\"div-gpt-ad-Messinaoggi.it-DSK-300x250-corpoart\" style=\"text-align:center;margin:0 auto;\"><\/div><\/p>\n\n\n\n<p>\u201cUn incontro tenutosi in un clima di cordialit\u00e0 e di accoglienza dei rappresentanti gli enti ospitanti per celebrare un momento importante che segna un ulteriore passo di continuit\u00e0 amministrativa attraverso la promozione di azioni di inclusione sociale. \u2013 ha dichiarato Basile &#8211; Stiamo proseguendo quel percorso integrato di mediazione socio-educativa, avviato nel 2021 dal sindaco Cateno De Luca, per dare la possibilit\u00e0 ai residenti negli ambiti di risanamento e in situazione di forte deprivazione materiale e culturale di partecipare a processi di inclusione attiva, finalizzati alla fuoriuscita da una situazione di esclusione e marginalizzazione abitativa e sociale. La nostra volont\u00e0 in sinergia con le Partecipate \u00e8 quella di favorire la ripresa sociale, economica e occupazionale attraverso attivit\u00e0 di inclusione sociale e l&#8217;implementazione di nuovi modelli di servizi\u201d. <div id=\"videoincontent\" style=\"clear:both\";><\/div><\/p>\n\n\n\n<p>\u201cIl progetto \u2013 ha spiegato la presidente Asquini &#8211; prevede l&#8217;avvio delle attivit\u00e0 di tirocinio per 600 beneficiari, i quali inizieranno il percorso formativo presso le aziende ospitanti a partire dalla prossima settimana. Questo risultato \u00e8 stato possibile grazie alla stretta collaborazione con il Centro per l&#8217;Impiego e per la forte sinergia tra le istituzioni coinvolte. Tra gli enti che hanno gi\u00e0 firmato le convenzioni per ospitare i tirocinanti figurano Amam, Arisme, Atm, La Braciola e Messina Servizi Bene Comune, mentre altri si apprestano a farlo\u201d.<\/p>\n","protected":false},"excerpt":{"rendered":"<p>L\u2019azienda speciale Messina Social City, nel corso di un incontro tenutosi ieri a palazzo Zanca, ha ufficialmente siglato le convenzioni con gli enti ospitanti per avviare i tirocini d\u2019inclusione sociale nell&#8217;ambito del progetto &#8220;Completamento Percorsi Nuovi dell&#8217;Abitare&#8221;, finanziato dal PON METRO ME3.1.1.a. All\u2019appuntamento, a cui era presente il sindaco Federico Basile, hanno preso parte il [&hellip;]<\/p>\n","protected":false},"author":8,"featured_media":125949,"comment_status":"open","ping_status":"open","sticky":false,"template":"","format":"standard","meta":{"ub_ctt_via":"","_mi_skip_tracking":false},"categories":[5],"tags":[1185,2781],"featured_image_src":"https:\/\/www.messinaoggi.it\/website\/wp-content\/uploads\/2022\/10\/Palazzo-Zanca.jpg","author_info":{"display_name":"red..me","author_link":"https:\/\/www.messinaoggi.it\/website\/author\/redstage\/"},"digistream_id":0,"digistream":false,"_links":{"self":[{"href":"https:\/\/www.messinaoggi.it\/website\/wp-json\/wp\/v2\/posts\/197141"}],"collection":[{"href":"https:\/\/www.messinaoggi.it\/website\/wp-json\/wp\/v2\/posts"}],"about":[{"href":"https:\/\/www.messinaoggi.it\/website\/wp-json\/wp\/v2\/types\/post"}],"author":[{"embeddable":true,"href":"https:\/\/www.messinaoggi.it\/website\/wp-json\/wp\/v2\/users\/8"}],"replies":[{"embeddable":true,"href":"https:\/\/www.messinaoggi.it\/website\/wp-json\/wp\/v2\/comments?post=197141"}],"version-history":[{"count":1,"href":"https:\/\/www.messinaoggi.it\/website\/wp-json\/wp\/v2\/posts\/197141\/revisions"}],"predecessor-version":[{"id":197142,"href":"https:\/\/www.messinaoggi.it\/website\/wp-json\/wp\/v2\/posts\/197141\/revisions\/197142"}],"wp:featuredmedia":[{"embeddable":true,"href":"https:\/\/www.messinaoggi.it\/website\/wp-json\/wp\/v2\/media\/125949"}],"wp:attachment":[{"href":"https:\/\/www.messinaoggi.it\/website\/wp-json\/wp\/v2\/media?parent=197141"}],"wp:term":[{"taxonomy":"category","embeddable":true,"href":"https:\/\/www.messinaoggi.it\/website\/wp-json\/wp\/v2\/categories?post=197141"},{"taxonomy":"post_tag","embeddable":true,"href":"https:\/\/www.messinaoggi.it\/website\/wp-json\/wp\/v2\/tags?post=197141"}],"curies":[{"name":"wp","href":"https:\/\/api.w.org\/{rel}","templated":true}]}}