{"id":197124,"date":"2024-05-08T21:32:20","date_gmt":"2024-05-08T19:32:20","guid":{"rendered":"http:\/\/www.messinaoggi.it\/website\/?p=197124"},"modified":"2024-05-08T21:32:25","modified_gmt":"2024-05-08T19:32:25","slug":"esce-con-il-cane-e-scompare-dove-finita-denise","status":"publish","type":"post","link":"https:\/\/www.messinaoggi.it\/website\/2024\/05\/08\/esce-con-il-cane-e-scompare-dove-finita-denise\/","title":{"rendered":"Esce con il cane e scompare, dov&#8217;\u00e8 finita Denise?"},"content":{"rendered":"\n<p>Presso la Stazione carabinieri di Taormina \u00e8 stato denunciato dalla madre l\u2019allontanamento volontario di Denise D&#8217;Arr\u00f2, nata a Taormina il 5 giugno 2006, residente  a Trappitello, di cui non si hanno pi\u00f9 notizie dalle 20 del 2 maggio scorso, quando la stessa si \u00e8 allontanata dal luogo di residenza, portando al seguito il suo cane di colore bianco, facendo perdere le proprie tracce, mentre il suo telefono cellulare risulta spento. Al momento dell\u2019allontanamento la ragazza, dell\u2019altezza di metri 1,80 circa, capelli rossi e occhi azzurri, indossava jeans di colore blu, maglione nero e scarpe bianche. La Prefettura di Messina ha attivato il Piano provinciale per la ricerca delle persone scomparse, a cui partecipano tutte le forze di polizia e i vigili del fuoco. Per dare supporto alle ricerche e per la pi\u00f9 ampia diffusione della notizia, \u00e8 stata resa pubblica anche la foto.<div id=\"div-gpt-ad-Messinaoggi.it-DSK-300x250-corpoart\" style=\"text-align:center;margin:0 auto;\"><\/div><\/p>\n<div id=\"videoincontent\" style=\"clear:both\";><\/div>","protected":false},"excerpt":{"rendered":"<p>Presso la Stazione carabinieri di Taormina \u00e8 stato denunciato dalla madre l\u2019allontanamento volontario di Denise D&#8217;Arr\u00f2, nata a Taormina il 5 giugno 2006, residente a Trappitello, di cui non si hanno pi\u00f9 notizie dalle 20 del 2 maggio scorso, quando la stessa si \u00e8 allontanata dal luogo di residenza, portando al seguito il suo cane [&hellip;]<\/p>\n","protected":false},"author":4,"featured_media":197125,"comment_status":"open","ping_status":"open","sticky":false,"template":"","format":"standard","meta":{"ub_ctt_via":"","_mi_skip_tracking":false},"categories":[5],"tags":[9925],"featured_image_src":"https:\/\/www.messinaoggi.it\/website\/wp-content\/uploads\/2024\/05\/IMG-20240508-WA0103.jpg","author_info":{"display_name":"redme","author_link":"https:\/\/www.messinaoggi.it\/website\/author\/redme\/"},"digistream_id":0,"digistream":false,"_links":{"self":[{"href":"https:\/\/www.messinaoggi.it\/website\/wp-json\/wp\/v2\/posts\/197124"}],"collection":[{"href":"https:\/\/www.messinaoggi.it\/website\/wp-json\/wp\/v2\/posts"}],"about":[{"href":"https:\/\/www.messinaoggi.it\/website\/wp-json\/wp\/v2\/types\/post"}],"author":[{"embeddable":true,"href":"https:\/\/www.messinaoggi.it\/website\/wp-json\/wp\/v2\/users\/4"}],"replies":[{"embeddable":true,"href":"https:\/\/www.messinaoggi.it\/website\/wp-json\/wp\/v2\/comments?post=197124"}],"version-history":[{"count":1,"href":"https:\/\/www.messinaoggi.it\/website\/wp-json\/wp\/v2\/posts\/197124\/revisions"}],"predecessor-version":[{"id":197126,"href":"https:\/\/www.messinaoggi.it\/website\/wp-json\/wp\/v2\/posts\/197124\/revisions\/197126"}],"wp:featuredmedia":[{"embeddable":true,"href":"https:\/\/www.messinaoggi.it\/website\/wp-json\/wp\/v2\/media\/197125"}],"wp:attachment":[{"href":"https:\/\/www.messinaoggi.it\/website\/wp-json\/wp\/v2\/media?parent=197124"}],"wp:term":[{"taxonomy":"category","embeddable":true,"href":"https:\/\/www.messinaoggi.it\/website\/wp-json\/wp\/v2\/categories?post=197124"},{"taxonomy":"post_tag","embeddable":true,"href":"https:\/\/www.messinaoggi.it\/website\/wp-json\/wp\/v2\/tags?post=197124"}],"curies":[{"name":"wp","href":"https:\/\/api.w.org\/{rel}","templated":true}]}}