{"id":19709,"date":"2018-05-23T08:42:53","date_gmt":"2018-05-23T06:42:53","guid":{"rendered":"http:\/\/www.messinaoggi.it\/website\/?p=19709"},"modified":"2018-05-23T08:42:53","modified_gmt":"2018-05-23T06:42:53","slug":"eleme-il-3-giugno-di-maio-a-messina-per-sostenere-sciacca","status":"publish","type":"post","link":"https:\/\/www.messinaoggi.it\/website\/2018\/05\/23\/eleme-il-3-giugno-di-maio-a-messina-per-sostenere-sciacca\/","title":{"rendered":"EleMe, il 3 giugno Di Maio a Messina per sostenere Sciacca"},"content":{"rendered":"<div id=\"xandmail_widget_layout_ContentPane_5\" class=\"view_msgBody dijitContentPane dijitSplitContainer-child dijitSplitContainer-dijitContentPane dijitSplitPane\" dir=\"ltr\" title=\"\" role=\"group\">\n<div class=\"xam_msg_class\">\n<div dir=\"ltr\">\n<div>\n<div style=\"text-align: justify;\"><span style=\"font-size: large;\">Grande appuntamento con i big del MoVimento 5 Stelle a Piazza Cairoli, che domenica 3 giugno, alle 21, ospiter\u00e0 il leader Luigi Di Maio, in citt\u00e0 per sostenere la candidatura di Gaetano Sciacca.\u00a0<\/span><span style=\"font-size: large;\">Presenti inoltre numerosi portaVoce regionali, nazionali ed europei: Alessio Villarosa, Lorenzo Fioramonti, Giulia Grillo, Paola Taverna, Nunzia Catalfo, Ida Carmina, Ignazio Corrao\u00a0e Giancarlo Cancelleri.\u00a0 <\/span><span style=\"font-size: large;\">All&#8217;evento prenderanno parte anche Francesco D&#8217;Uva, Grazia D&#8217;Angelo, Valentina Zafarana, Angela Raffa, Antonella Papiro e Barbara Floridia.\u00a0<\/span><\/div>\n<div><span style=\"font-size: large;\">\u00a0<\/span><\/div>\n<div><span style=\"font-size: large;\">\u00abSar\u00e0 una grande festa di popolo. Un&#8217;occasione per ribadire che Messina non \u00e8 sola. Insieme a noi c&#8217;\u00e8 la principale forza politica del Paese, una realt\u00e0 coesa che si far\u00e0 carico di tutte le istanze del territorio, sia a livello regionale che nazionale. La citt\u00e0 ha finalmente la possibilit\u00e0 di instaurare un&#8217;interlocuzione diretta con i nostri deputati: un&#8217;opportunit\u00e0 a cui non possiamo rinunciare\u00bb, commenta Gaetano Sciacca, che in occasione del 26\u00b0 anniversario della strage di Capaci ricorda il magistrato palermitano Giovanni Falcone, la moglie e i membri della sua scorta, assassinati da cosa nostra il 23 maggio del 1992.<\/span><\/div>\n<div><span style=\"font-size: large;\">\u00a0<\/span><\/div>\n<div><span style=\"font-size: large;\">\u00abPer onorare la loro memoria \u00e8 fondamentale tradurre in azioni concrete la lotta alla mafia, a partire da Messina, una citt\u00e0 che per troppo tempo \u00e8 stata in balia di logiche affaristiche e massoniche che continuano a condizionare la politica e a impoverire i cittadini, come dimostrano le inchieste giudiziarie ancora in corso. Il voto del 10 giugno \u00e8 fondamentale per dimostrare che noi messinesi non baratteremo mai pi\u00f9 il nostro futuro per una busta della spesa. Siamo stufi delle grandi accozzaglie e della logica del &#8220;candida tutti&#8221;: un meccanismo perverso che con l&#8217;inganno continua a mortificare la politica e la sacralit\u00e0 delle istituzioni. Alle prossime amministrative si presenteranno ben 1700 candidati: un esercito di inconsapevoli cittadini manovrati dai soliti personaggi noti. \u00c8 il momento di dire basta\u00bb.<\/span><\/div>\n<div><\/div>\n<div><\/div>\n<div><\/div>\n<\/div>\n<\/div>\n<\/div>\n<\/div>\n<div id=\"xandmail_widget_layout_ContentPane_6\" class=\"dijitContentPane dijitSplitContainer-child dijitSplitContainer-dijitContentPane dijitSplitPane\" dir=\"ltr\" title=\"\" role=\"group\">\n<form id=\"xandmail_widget_form_Form_3\">\n<table border=\"0\">\n<tbody>\n<tr>\n<td><\/td>\n<\/tr>\n<\/tbody>\n<\/table>\n<\/form>\n<\/div>\n<div id=\"div-gpt-ad-Messinaoggi.it-DSK-300x250-corpoart\" style=\"text-align:center;margin:0 auto;\"><\/div><\/p><div id=\"videoincontent\" style=\"clear:both\";><\/div>","protected":false},"excerpt":{"rendered":"<p>Grande appuntamento con i big del MoVimento 5 Stelle a Piazza Cairoli, che domenica 3 giugno, alle 21, ospiter\u00e0 il leader Luigi Di Maio, in citt\u00e0 per sostenere la candidatura di Gaetano Sciacca.\u00a0Presenti inoltre numerosi portaVoce regionali, nazionali ed europei: Alessio Villarosa, Lorenzo Fioramonti, Giulia Grillo, Paola Taverna, Nunzia Catalfo, Ida Carmina, Ignazio Corrao\u00a0e Giancarlo [&hellip;]<\/p>\n","protected":false},"author":15,"featured_media":13354,"comment_status":"closed","ping_status":"open","sticky":false,"template":"","format":"standard","meta":{"ub_ctt_via":"","_mi_skip_tracking":false},"categories":[4],"tags":[],"featured_image_src":"https:\/\/www.messinaoggi.it\/website\/wp-content\/uploads\/2017\/12\/Zafarana-Cancelleri-Di-Maio-DUva-messinaoggiMR.jpg","author_info":{"display_name":"red.me","author_link":"https:\/\/www.messinaoggi.it\/website\/author\/red-me\/"},"digistream_id":0,"digistream":false,"_links":{"self":[{"href":"https:\/\/www.messinaoggi.it\/website\/wp-json\/wp\/v2\/posts\/19709"}],"collection":[{"href":"https:\/\/www.messinaoggi.it\/website\/wp-json\/wp\/v2\/posts"}],"about":[{"href":"https:\/\/www.messinaoggi.it\/website\/wp-json\/wp\/v2\/types\/post"}],"author":[{"embeddable":true,"href":"https:\/\/www.messinaoggi.it\/website\/wp-json\/wp\/v2\/users\/15"}],"replies":[{"embeddable":true,"href":"https:\/\/www.messinaoggi.it\/website\/wp-json\/wp\/v2\/comments?post=19709"}],"version-history":[{"count":0,"href":"https:\/\/www.messinaoggi.it\/website\/wp-json\/wp\/v2\/posts\/19709\/revisions"}],"wp:featuredmedia":[{"embeddable":true,"href":"https:\/\/www.messinaoggi.it\/website\/wp-json\/wp\/v2\/media\/13354"}],"wp:attachment":[{"href":"https:\/\/www.messinaoggi.it\/website\/wp-json\/wp\/v2\/media?parent=19709"}],"wp:term":[{"taxonomy":"category","embeddable":true,"href":"https:\/\/www.messinaoggi.it\/website\/wp-json\/wp\/v2\/categories?post=19709"},{"taxonomy":"post_tag","embeddable":true,"href":"https:\/\/www.messinaoggi.it\/website\/wp-json\/wp\/v2\/tags?post=19709"}],"curies":[{"name":"wp","href":"https:\/\/api.w.org\/{rel}","templated":true}]}}