{"id":19708,"date":"2018-05-23T08:38:36","date_gmt":"2018-05-23T06:38:36","guid":{"rendered":"http:\/\/www.messinaoggi.it\/website\/?p=19708"},"modified":"2018-05-23T08:38:36","modified_gmt":"2018-05-23T06:38:36","slug":"eleme-cateno-de-luca-punta-sul-baratto-amministrativo","status":"publish","type":"post","link":"https:\/\/www.messinaoggi.it\/website\/2018\/05\/23\/eleme-cateno-de-luca-punta-sul-baratto-amministrativo\/","title":{"rendered":"EleMe, Cateno De Luca punta sul baratto amministrativo"},"content":{"rendered":"<p style=\"text-align: justify\"><em>\u201c<\/em>La misura che vogliamo introdurre \u00a0diversamente dal baratto amministrativo vero e proprio, non ha quale obiettivo quello di agevolare il cittadino moroso nel pagamento dei tributi locali e ad estinguere, in tutto o in parte, il debito tributario, ma quello di favorire una collaborazione tra l\u2019amministrazione locale ed i cittadini, singoli o associati, nella gestione e cura dei beni comunali\u201d. A dirlo l\u2019on. Cateno De Luca, candidato sindaco di Messina illustrando la sua proposta sul baratto amministrativo prevista nel suo programma.<div id=\"div-gpt-ad-Messinaoggi.it-DSK-300x250-corpoart\" style=\"text-align:center;margin:0 auto;\"><\/div><\/p>\n<p style=\"text-align: justify\">\u201cQuesta collaborazione \u2013 prosegue De Luca &#8211; pu\u00f2 essere raggiunta e disciplinata con un apposito regolamento comunale che stabilisca le modalit\u00e0 di collaborazione tra il Comune ed i privati cittadini, soprattutto attivit\u00e0 commerciali, i quali si possono fare promotori di specifiche iniziative di cura e manutenzione di spazi pubblici o anche di immobili pubblici (come piazzette tematiche, aree da adibire a verde, ville comunali in tutto o in parte, immobili comunali chiusi che possono essere adibiti a specifiche iniziative dei privati che si fanno carico della cura e manutenzione degli stessi, solo per fare alcuni esempi). A fronte di tali opere, l\u2019Amministrazione riconosce ai privati una agevolazione (consistente in una riduzione o altra misura che riduca l\u2019imposizione dei tributi locali) per le attivit\u00e0 degli imprenditori o per i singoli cittadini che ne fanno richiesta. Esistono gi\u00e0 attuazioni concrete in altri comuni di Italia di tale forma di collaborazione, come ad esempio nel Comune di Bologna che ha emanato un proprio regolamento comunale. Attraverso queste forme di collaborazione si raggiunge un duplice obiettivo, senza alcun sacrificio per nessuna delle parti coinvolte: il Comune infatti, riduce la spesa per la gestione di parte dei propri beni e spazi pubblici, ed il privato a sua volta ottiene una riduzione dell\u2019imposizione fiscale. Entrambe le parti, poi, raggiungono il medesimo obiettivo, che \u00e8 quello della gestione partecipata e condivisa degli spazi e degli immobili pubblici, favorendo una gestione che tiene davvero conto delle iniziative dei privati e delle esigenze rappresentate dagli stessi\u201d.<div id=\"videoincontent\" style=\"clear:both\";><\/div><\/p>\n<p style=\"text-align: justify\">\u201cVi sono ulteriori risvolti positivi \u2013 conclude De Luca &#8211; \u00a0che derivano dall\u2019attuazione di tale forma di collaborazione, che consistono in un\u2019attivit\u00e0 di formazione degli operatori coinvolti nella gestione degli spazi e degli immobili pubblici con il contributo delle figure professionali che operano nella pubblica amministrazione. Inoltre, sar\u00e0 possibile coinvolgere le scuole nell\u2019attivit\u00e0 di formazione, consentendo agli studenti di partecipare alla realizzazione di progetti di gestione dei beni e degli spazi, e di istituire delle borse di studio\/lavoro\u201d.<\/p>\n<p><em>\u00a0<\/em><\/p>\n","protected":false},"excerpt":{"rendered":"<p>\u201cLa misura che vogliamo introdurre \u00a0diversamente dal baratto amministrativo vero e proprio, non ha quale obiettivo quello di agevolare il cittadino moroso nel pagamento dei tributi locali e ad estinguere, in tutto o in parte, il debito tributario, ma quello di favorire una collaborazione tra l\u2019amministrazione locale ed i cittadini, singoli o associati, nella gestione [&hellip;]<\/p>\n","protected":false},"author":15,"featured_media":14827,"comment_status":"closed","ping_status":"open","sticky":false,"template":"","format":"standard","meta":{"ub_ctt_via":"","_mi_skip_tracking":false},"categories":[6],"tags":[],"featured_image_src":"https:\/\/www.messinaoggi.it\/website\/wp-content\/uploads\/2018\/01\/conf-stampa-de-luca-RRP_1501-1.jpg","author_info":{"display_name":"red.me","author_link":"https:\/\/www.messinaoggi.it\/website\/author\/red-me\/"},"digistream_id":0,"digistream":false,"_links":{"self":[{"href":"https:\/\/www.messinaoggi.it\/website\/wp-json\/wp\/v2\/posts\/19708"}],"collection":[{"href":"https:\/\/www.messinaoggi.it\/website\/wp-json\/wp\/v2\/posts"}],"about":[{"href":"https:\/\/www.messinaoggi.it\/website\/wp-json\/wp\/v2\/types\/post"}],"author":[{"embeddable":true,"href":"https:\/\/www.messinaoggi.it\/website\/wp-json\/wp\/v2\/users\/15"}],"replies":[{"embeddable":true,"href":"https:\/\/www.messinaoggi.it\/website\/wp-json\/wp\/v2\/comments?post=19708"}],"version-history":[{"count":0,"href":"https:\/\/www.messinaoggi.it\/website\/wp-json\/wp\/v2\/posts\/19708\/revisions"}],"wp:featuredmedia":[{"embeddable":true,"href":"https:\/\/www.messinaoggi.it\/website\/wp-json\/wp\/v2\/media\/14827"}],"wp:attachment":[{"href":"https:\/\/www.messinaoggi.it\/website\/wp-json\/wp\/v2\/media?parent=19708"}],"wp:term":[{"taxonomy":"category","embeddable":true,"href":"https:\/\/www.messinaoggi.it\/website\/wp-json\/wp\/v2\/categories?post=19708"},{"taxonomy":"post_tag","embeddable":true,"href":"https:\/\/www.messinaoggi.it\/website\/wp-json\/wp\/v2\/tags?post=19708"}],"curies":[{"name":"wp","href":"https:\/\/api.w.org\/{rel}","templated":true}]}}