{"id":19690,"date":"2018-05-22T16:57:00","date_gmt":"2018-05-22T14:57:00","guid":{"rendered":"http:\/\/www.messinaoggi.it\/website\/?p=19690"},"modified":"2018-05-22T16:57:00","modified_gmt":"2018-05-22T14:57:00","slug":"eleme-ecco-chi-ha-cambiato-casacca-rispetto-a-cinque-anni-fa","status":"publish","type":"post","link":"https:\/\/www.messinaoggi.it\/website\/2018\/05\/22\/eleme-ecco-chi-ha-cambiato-casacca-rispetto-a-cinque-anni-fa\/","title":{"rendered":"EleMe, ecco chi ha cambiato casacca rispetto a cinque anni fa"},"content":{"rendered":"<p style=\"text-align: justify;\">Per i pi\u00f9 maliziosi \u00e8 chiamato volgarmente salto della quaglia, un passaggio da un lato all\u2019altro dello schema politico dettato pi\u00f9 per motivi di opportunit\u00e0 politica che da questioni strettamente ideologiche. Per altri \u00e8 semplicemente un normale risvolto di una politica che ha ormai superato gli steccati ideologici, per trovare il progetto politico pi\u00f9 confacente all\u2019esperienza maturata negli ultimi anni. In qualunque modo la si vuol vedere, il numero di aspiranti consiglieri comunali che cinque anni fa si sono presentati a sostegno di uno schieramento diverso rispetto a quello attuale rimane elevato.<div id=\"div-gpt-ad-Messinaoggi.it-DSK-300x250-corpoart\" style=\"text-align:center;margin:0 auto;\"><\/div><\/p>\n<p style=\"text-align: justify;\">Tra le fila del centrodestra, ad esempio, pesa come un macigno la scelta attuata da <strong>Francantonio Genovese<\/strong> di passare dal Pd a Forza Italia, portando con se tutti i consiglieri comunali a lui vicini. Da qui le candidature di <strong>Benedetto Vaccarino<\/strong>, <strong>Francesco Pagano<\/strong>, <strong>Simona Contestabile<\/strong>, <strong>Carlo Cantali<\/strong>, <strong>Pietro Iannello<\/strong>, ma anche di <strong>Paolo Saglimbeni<\/strong>, che dopo aver portato in passato l\u2019acqua ai mulini del centrosinistra, si ritrovano adesso a sostegno di Bramanti. Particolare il caso di <strong>Pippo Isgr\u00f2<\/strong>, assessore ai tempi della Giunta Buzzanca, salvo poi passare alla corte di <strong>Peppe Picciolo<\/strong> fino alle scorse elezioni politiche del 4 marzo, quando chiedeva il sostegno del il centrosinistra.<div id=\"videoincontent\" style=\"clear:both\";><\/div><\/p>\n<p style=\"text-align: justify;\">La candidatura a sindaco di <strong>Dino Bramanti<\/strong> per\u00f2 lo ha fatto tornare alla casa madre. Fino alla candidatura nella lista che \u00e8 diretta espressione dell\u2019ex direttore scientifico dell\u2019Irccs. Ha salutato i centristi e con essi anche il loro leader, <strong>Giampiero D\u2019Alia<\/strong>, anche l\u2019a consigliera uscente <strong>Mariella Perrone<\/strong>, cinque anni fa eletta nell\u2019Udc a sostegno di <strong>Felice Calabr\u00f2<\/strong>, ma adesso al fianco di Bramanti nella lista Peloro 2023. In Forza Italia trova spazio anche la consigliera uscente, <strong>Rita La Paglia<\/strong>, eletta in quota Picciolo ma da qualche mese passata alla corte del deputato regionale <strong>Tommaso Calderone<\/strong>. Nella lista dei Popolari-Autonomisti spicca il nome di <strong>Marcello Greco<\/strong>, che dopo gli anni passati negli scranni dell\u2019Ars a sostegno del Governo <strong>Crocetta<\/strong>, adesso tenta il ritorno in Consiglio Comunale con il centrodestra. Lo stesso percorso fatto da <strong>Salvatore Serra<\/strong>, subentrato in consiglio comunale pochi mesi per rappresentare i Dr, ma adesso tenta la conferma nella lista \u201cBramanti Sindaco\u201d.<\/p>\n<p style=\"text-align: justify;\">\u00a0Correr\u00e0 nella lista formata da <strong>Nino German\u00e0<\/strong>, Insieme X Messina, <strong>Daniele Zuccarello<\/strong>, che cinque anni fa fu eletto nella lista Progressisti Democratici. Nel centrosinistra il nome pi\u00f9 discusso \u00e8 senza dubbio quello di <strong>Lucy Fenech<\/strong>, che per cinque anni ha guidato il gruppo di Cambiamo Messina dal Basso in Consiglio Comunale. Per lei adesso non c\u2019\u00e8 soltanto la candidatura nella lista del sindaco, ma addirittura \u00e8 arrivata la designazione come eventuale assessore della squadra di <strong>Antonio Saitta<\/strong>, facendo ribollire di rabbia tutto il mondo accorintiano che ha gridato all\u2019alto tradimento. Da tempo, ormai, fa parte del centrosinistra anche <strong>Michele Bisignano<\/strong>, gi\u00e0 assessore provinciale nella giunta provinciale di centrodestra guidata da <strong>Nanni Ricevuto<\/strong>: il suo nome fa parte della lista Impegno Civico.<\/p>\n<p style=\"text-align: justify;\">Nella lista di Sicilia Futura trova spazio anche <strong>Enrico Bivona<\/strong>, gi\u00e0 consigliere provinciale ai tempi del Pdl e compagno di coalizione con <strong>Nino Previti<\/strong>, adesso candidato in Libera Me. Anche gli accorintiani hanno fatto acquisti, il caso pi\u00f9 eclatante \u00e8 quello di <strong>Guglielmo Sidoti<\/strong> che dopo aver guidato i Giovani Democratici, punta al Consiglio Comunale sostenendo l\u2019amministrazione uscente, cos\u00ec come <strong>Giuseppe San\u00f2<\/strong>, ex consigliere della VI Circoscrizione, passato da avversario ad alleato. Il suo nome compare nella lista di Percorso Comune.<\/p>\n","protected":false},"excerpt":{"rendered":"<p>Per i pi\u00f9 maliziosi \u00e8 chiamato volgarmente salto della quaglia, un passaggio da un lato all\u2019altro dello schema politico dettato pi\u00f9 per motivi di opportunit\u00e0 politica che da questioni strettamente ideologiche. Per altri \u00e8 semplicemente un normale risvolto di una politica che ha ormai superato gli steccati ideologici, per trovare il progetto politico pi\u00f9 confacente [&hellip;]<\/p>\n","protected":false},"author":14,"featured_media":1582,"comment_status":"closed","ping_status":"open","sticky":false,"template":"","format":"standard","meta":{"ub_ctt_via":"","_mi_skip_tracking":false},"categories":[6],"tags":[],"featured_image_src":"https:\/\/www.messinaoggi.it\/website\/wp-content\/uploads\/2017\/06\/Consiglio-aula-2.jpg","author_info":{"display_name":"Antonio Macauda","author_link":"https:\/\/www.messinaoggi.it\/website\/author\/a-macauda\/"},"digistream_id":0,"digistream":false,"_links":{"self":[{"href":"https:\/\/www.messinaoggi.it\/website\/wp-json\/wp\/v2\/posts\/19690"}],"collection":[{"href":"https:\/\/www.messinaoggi.it\/website\/wp-json\/wp\/v2\/posts"}],"about":[{"href":"https:\/\/www.messinaoggi.it\/website\/wp-json\/wp\/v2\/types\/post"}],"author":[{"embeddable":true,"href":"https:\/\/www.messinaoggi.it\/website\/wp-json\/wp\/v2\/users\/14"}],"replies":[{"embeddable":true,"href":"https:\/\/www.messinaoggi.it\/website\/wp-json\/wp\/v2\/comments?post=19690"}],"version-history":[{"count":0,"href":"https:\/\/www.messinaoggi.it\/website\/wp-json\/wp\/v2\/posts\/19690\/revisions"}],"wp:featuredmedia":[{"embeddable":true,"href":"https:\/\/www.messinaoggi.it\/website\/wp-json\/wp\/v2\/media\/1582"}],"wp:attachment":[{"href":"https:\/\/www.messinaoggi.it\/website\/wp-json\/wp\/v2\/media?parent=19690"}],"wp:term":[{"taxonomy":"category","embeddable":true,"href":"https:\/\/www.messinaoggi.it\/website\/wp-json\/wp\/v2\/categories?post=19690"},{"taxonomy":"post_tag","embeddable":true,"href":"https:\/\/www.messinaoggi.it\/website\/wp-json\/wp\/v2\/tags?post=19690"}],"curies":[{"name":"wp","href":"https:\/\/api.w.org\/{rel}","templated":true}]}}