{"id":196878,"date":"2024-05-07T12:27:18","date_gmt":"2024-05-07T10:27:18","guid":{"rendered":"http:\/\/www.messinaoggi.it\/website\/?p=196878"},"modified":"2024-05-07T12:27:20","modified_gmt":"2024-05-07T10:27:20","slug":"de-luca-sfiducia-la-giunta-basile-crisi-nera-di-scn","status":"publish","type":"post","link":"https:\/\/www.messinaoggi.it\/website\/2024\/05\/07\/de-luca-sfiducia-la-giunta-basile-crisi-nera-di-scn\/","title":{"rendered":"De Luca &#8220;sfiducia&#8221; la giunta-Basile: crisi nera di ScN"},"content":{"rendered":"\n<p>Cateno De Luca sta lottando come un leone in gabbia, costretto a rimanere in ospedale, dove sta curando una polmonite, e lo fa lanciando il suo &#8220;anatema&#8221; contro gli assessori comunali e i &#8220;nominati&#8221; alle Partecipate comunali.<div id=\"div-gpt-ad-Messinaoggi.it-DSK-300x250-corpoart\" style=\"text-align:center;margin:0 auto;\"><\/div><\/p>\n\n\n\n<p>Si rivolge agli eretici, quelli che di giorno scodinzolano e di notte flirtano con altri. E&#8217; rabbioso il leader di &#8220;Sud chiama Nord&#8221; perch\u00e9 avverte che la valanga sta per travolgerlo inesorabilmente. Gli ultimi dati dei sondaggi sulle intenzioni di voto sono impietosi, bench\u00e9 in leggera crescita, e questo fa da preludio a quella potrebbe configurarsi come una disfatta politica alle imminenti europee. <div id=\"videoincontent\" style=\"clear:both\";><\/div><\/p>\n\n\n\n<p>Lo stato di salute di Cateno De Luca non l&#8217;aiuta di certo, la sua uscita di scena dall&#8217;agone della politica \u00e8 qualcosa di devastante per un Movimento che regge sulle gambe del suo leader. I prossimi sondaggi potrebbero ricacciare il movimento sotto la soglia dell&#8217;1% e lo spettro dello zero virgola si fa concreto senza un cambio di rotta.<\/p>\n\n\n\n<p>Oggi Cateno De Luca ha inteso mettere tutti in discussione, a cominciare da chi amministra la citt\u00e0 di Messina: &#8220;Si devono dimettere tutti&#8221; ha tuonato con il sindaco Federico Basile. Vedremo cosa accadr\u00e0.<\/p>\n\n\n\n<p>E&#8217; certo che il movimento con la malattia di De Luca ha subito un calo di consensi che non \u00e8 solo figlio dell&#8217;immobilismo di assessori e &#8220;nominati&#8221;. E&#8217; figlio di scelte impopolari e di un&#8217;azione politico-amministrativa un po&#8217; azzardata. La popolarit\u00e0 del &#8220;clan-De Luca&#8221; in citt\u00e0 \u00e8 scesa ai minimi storici e lo si percepisce dal giudizio della gente comune. <\/p>\n\n\n\n<p>Il tempo delle promesse e delle aspettative \u00e8 stato soppiantato dal tempo delle risposte.<\/p>\n\n\n\n<p>Un&#8217;ultima notazione riguarda gli eventi tenutisi recentemente a Taormina e Fiumedinisi, dove De Luca ha percepito, bench\u00e9 a distanza, un preoccupante scollamento all&#8217;interno del movimento.<\/p>\n\n\n\n<p><\/p>\n","protected":false},"excerpt":{"rendered":"<p>Cateno De Luca sta lottando come un leone in gabbia, costretto a rimanere in ospedale, dove sta curando una polmonite, e lo fa lanciando il suo &#8220;anatema&#8221; contro gli assessori comunali e i &#8220;nominati&#8221; alle Partecipate comunali. Si rivolge agli eretici, quelli che di giorno scodinzolano e di notte flirtano con altri. E&#8217; rabbioso il [&hellip;]<\/p>\n","protected":false},"author":2,"featured_media":196879,"comment_status":"open","ping_status":"open","sticky":false,"template":"","format":"standard","meta":{"ub_ctt_via":"","_mi_skip_tracking":false},"categories":[19],"tags":[126,3196,611,2972,5307],"featured_image_src":"https:\/\/www.messinaoggi.it\/website\/wp-content\/uploads\/2024\/05\/297412770_106029422215713_2020663607428494233_n.jpg","author_info":{"display_name":"Redazione","author_link":"https:\/\/www.messinaoggi.it\/website\/author\/redazione\/"},"digistream_id":0,"digistream":false,"_links":{"self":[{"href":"https:\/\/www.messinaoggi.it\/website\/wp-json\/wp\/v2\/posts\/196878"}],"collection":[{"href":"https:\/\/www.messinaoggi.it\/website\/wp-json\/wp\/v2\/posts"}],"about":[{"href":"https:\/\/www.messinaoggi.it\/website\/wp-json\/wp\/v2\/types\/post"}],"author":[{"embeddable":true,"href":"https:\/\/www.messinaoggi.it\/website\/wp-json\/wp\/v2\/users\/2"}],"replies":[{"embeddable":true,"href":"https:\/\/www.messinaoggi.it\/website\/wp-json\/wp\/v2\/comments?post=196878"}],"version-history":[{"count":1,"href":"https:\/\/www.messinaoggi.it\/website\/wp-json\/wp\/v2\/posts\/196878\/revisions"}],"predecessor-version":[{"id":196880,"href":"https:\/\/www.messinaoggi.it\/website\/wp-json\/wp\/v2\/posts\/196878\/revisions\/196880"}],"wp:featuredmedia":[{"embeddable":true,"href":"https:\/\/www.messinaoggi.it\/website\/wp-json\/wp\/v2\/media\/196879"}],"wp:attachment":[{"href":"https:\/\/www.messinaoggi.it\/website\/wp-json\/wp\/v2\/media?parent=196878"}],"wp:term":[{"taxonomy":"category","embeddable":true,"href":"https:\/\/www.messinaoggi.it\/website\/wp-json\/wp\/v2\/categories?post=196878"},{"taxonomy":"post_tag","embeddable":true,"href":"https:\/\/www.messinaoggi.it\/website\/wp-json\/wp\/v2\/tags?post=196878"}],"curies":[{"name":"wp","href":"https:\/\/api.w.org\/{rel}","templated":true}]}}