{"id":196824,"date":"2024-05-06T22:08:05","date_gmt":"2024-05-06T20:08:05","guid":{"rendered":"https:\/\/www.messinaoggi.it\/website\/2024\/05\/06\/mattarella-la-disinformazione-e-un-pericolo-per-la-democrazia\/"},"modified":"2024-05-06T22:08:05","modified_gmt":"2024-05-06T20:08:05","slug":"mattarella-la-disinformazione-e-un-pericolo-per-la-democrazia","status":"publish","type":"post","link":"https:\/\/www.messinaoggi.it\/website\/2024\/05\/06\/mattarella-la-disinformazione-e-un-pericolo-per-la-democrazia\/","title":{"rendered":"Mattarella \u201cLa disinformazione \u00e8 un pericolo per la democrazia\u201d"},"content":{"rendered":"<div>NEW YORK (STATI UNITI) (ITALPRESS) &#8211; &#8220;Ci troviamo di fronte a un altro pericolo che mina la fiducia tra le istituzioni e tra i Paesi, vale a dire la disinformazione. La Giornata mondiale della libert\u00e0 di stampa di venerd\u00ec scorso sottolinea ogni anno quanto sia preziosa la libert\u00e0 di informazione per il mantenimento della democrazia&#8221;. Lo ha detto il presidente della Repubblica Sergio Mattarella al Palazzo di Vetro, nel suo intervento di apertura della conferenza dell&#8217;Onu dedicata a pace, giustizia e inclusione sociale per lo sviluppo sostenibile. &#8220;Questioni come l&#8217;accesso all&#8217;informazione, la libert\u00e0 di espressione e la tutela della privacy appartengono di diritto all&#8217;obiettivo di sviluppo sostenibile 16&#8221; della conferenza, ha aggiunto il capo dello Stato. &#8220;Pace e sviluppo condividono un destino comune, non possono esistere l&#8217;uno senza l&#8217;altro. Viviamo in un&#8217;epoca con il maggior numero di conflitti dalla fine della Seconda guerra mondiale, che divorano enormi quantit\u00e0 di risorse per la corsa agli armamenti, sottraendole allo sviluppo. L&#8217;appello a costruire le condizioni per porre fine ai conflitti \u00e8 necessario ed urgente, ora pi\u00f9 che mai&#8221;, ha concluso Mattarella.<br \/>(ITALPRESS).<br \/>&#8211; Foto: Quirinale &#8211;<\/div>\n<div id=\"div-gpt-ad-Messinaoggi.it-DSK-300x250-corpoart\" style=\"text-align:center;margin:0 auto;\"><\/div><\/p><div id=\"videoincontent\" style=\"clear:both\";><\/div>","protected":false},"excerpt":{"rendered":"<p>NEW YORK (STATI UNITI) (ITALPRESS) &#8211; &#8220;Ci troviamo di fronte a un altro pericolo che mina la fiducia tra le istituzioni e tra i Paesi, vale a dire la disinformazione. La Giornata mondiale della libert\u00e0 di stampa di venerd\u00ec scorso sottolinea ogni anno quanto sia preziosa la libert\u00e0 di informazione per il mantenimento della democrazia&#8221;. [&hellip;]<\/p>\n","protected":false},"author":18,"featured_media":196825,"comment_status":"closed","ping_status":"closed","sticky":false,"template":"","format":"standard","meta":{"ub_ctt_via":"","_mi_skip_tracking":false},"categories":[446],"tags":[783],"featured_image_src":"https:\/\/www.messinaoggi.it\/website\/wp-content\/uploads\/2024\/05\/20240506_2295.jpg","author_info":{"display_name":"Admin","author_link":"https:\/\/www.messinaoggi.it\/website\/author\/admin\/"},"digistream_id":0,"digistream":false,"_links":{"self":[{"href":"https:\/\/www.messinaoggi.it\/website\/wp-json\/wp\/v2\/posts\/196824"}],"collection":[{"href":"https:\/\/www.messinaoggi.it\/website\/wp-json\/wp\/v2\/posts"}],"about":[{"href":"https:\/\/www.messinaoggi.it\/website\/wp-json\/wp\/v2\/types\/post"}],"author":[{"embeddable":true,"href":"https:\/\/www.messinaoggi.it\/website\/wp-json\/wp\/v2\/users\/18"}],"replies":[{"embeddable":true,"href":"https:\/\/www.messinaoggi.it\/website\/wp-json\/wp\/v2\/comments?post=196824"}],"version-history":[{"count":0,"href":"https:\/\/www.messinaoggi.it\/website\/wp-json\/wp\/v2\/posts\/196824\/revisions"}],"wp:featuredmedia":[{"embeddable":true,"href":"https:\/\/www.messinaoggi.it\/website\/wp-json\/wp\/v2\/media\/196825"}],"wp:attachment":[{"href":"https:\/\/www.messinaoggi.it\/website\/wp-json\/wp\/v2\/media?parent=196824"}],"wp:term":[{"taxonomy":"category","embeddable":true,"href":"https:\/\/www.messinaoggi.it\/website\/wp-json\/wp\/v2\/categories?post=196824"},{"taxonomy":"post_tag","embeddable":true,"href":"https:\/\/www.messinaoggi.it\/website\/wp-json\/wp\/v2\/tags?post=196824"}],"curies":[{"name":"wp","href":"https:\/\/api.w.org\/{rel}","templated":true}]}}