{"id":196788,"date":"2024-05-06T20:39:40","date_gmt":"2024-05-06T18:39:40","guid":{"rendered":"http:\/\/www.messinaoggi.it\/website\/?p=196788"},"modified":"2024-05-06T20:39:56","modified_gmt":"2024-05-06T18:39:56","slug":"siccita-stato-demergenza-per-la-sicilia","status":"publish","type":"post","link":"https:\/\/www.messinaoggi.it\/website\/2024\/05\/06\/siccita-stato-demergenza-per-la-sicilia\/","title":{"rendered":"Siccit\u00e0, stato d&#8217;emergenza per la Sicilia"},"content":{"rendered":"\n<p>Su proposta del ministro per la Protezione civile Nello Musumeci, il Governo ha deliberato lo stato di emergenza nazionale per 12 mesi, in relazione alla situazione di grave deficit idrico in atto nel territorio della Regione Siciliana. \u00c8 stato deliberato un primo stanziamento di 20 milioni di euro per consentire alla Regione di far fronte all&#8217;attuazione degli immediati interventi. Nell&#8217;aprile scorso la Regione Siciliana ha chiesto al governo di fronteggiare con poteri e mezzi straordinari la situazione di emergenza determinatasi a seguito della grave crisi da deficit idrico in atto nel territorio regionale.<br>L\u2019Isola \u00e8 interessata da un lungo periodo di siccit\u00e0, causato sia dalla eccezionale scarsit\u00e0 di precipitazioni pluviometriche delle ultime stagioni autunnali e invernali, sia dalle temperature rilevate pi\u00f9 alte della media, che hanno determinato, tra l\u2019altro, una rilevante riduzione dei deflussi idrici superficiali, nonch\u00e9 la mancata ricarica delle falde. I territori maggiormente interessati sono le Province di Agrigento, Caltanissetta, Enna, Palermo e Trapani. Sono stati registrati disagi pi\u00f9 limitati in provincia di Messina e nelle restanti province di Catania, Ragusa e Siracusa.<br>&#8220;Si tratta di un primo stanziamento &#8211; ha chiarito il ministro Musumeci &#8211; . Altre risorse saranno rese disponibili man mano che la Regione proceder\u00e0 nei pagamenti. Ovviamente, gli interventi riguardanti il settore agricolo e quello delle infrastrutture idriche rientrano nelle competenze di altri ministeri, come abbiamo chiarito al presidente della Regione Schifani, che ha partecipato alla seduta del Governo&#8221;.<div id=\"div-gpt-ad-Messinaoggi.it-DSK-300x250-corpoart\" style=\"text-align:center;margin:0 auto;\"><\/div><\/p>\n<div id=\"videoincontent\" style=\"clear:both\";><\/div>","protected":false},"excerpt":{"rendered":"<p>Su proposta del ministro per la Protezione civile Nello Musumeci, il Governo ha deliberato lo stato di emergenza nazionale per 12 mesi, in relazione alla situazione di grave deficit idrico in atto nel territorio della Regione Siciliana. \u00c8 stato deliberato un primo stanziamento di 20 milioni di euro per consentire alla Regione di far fronte [&hellip;]<\/p>\n","protected":false},"author":4,"featured_media":3369,"comment_status":"open","ping_status":"open","sticky":false,"template":"","format":"standard","meta":{"ub_ctt_via":"","_mi_skip_tracking":false},"categories":[6],"tags":[4239,593,179],"featured_image_src":"https:\/\/www.messinaoggi.it\/website\/wp-content\/uploads\/2017\/06\/siccita-2.jpg","author_info":{"display_name":"redme","author_link":"https:\/\/www.messinaoggi.it\/website\/author\/redme\/"},"digistream_id":0,"digistream":false,"_links":{"self":[{"href":"https:\/\/www.messinaoggi.it\/website\/wp-json\/wp\/v2\/posts\/196788"}],"collection":[{"href":"https:\/\/www.messinaoggi.it\/website\/wp-json\/wp\/v2\/posts"}],"about":[{"href":"https:\/\/www.messinaoggi.it\/website\/wp-json\/wp\/v2\/types\/post"}],"author":[{"embeddable":true,"href":"https:\/\/www.messinaoggi.it\/website\/wp-json\/wp\/v2\/users\/4"}],"replies":[{"embeddable":true,"href":"https:\/\/www.messinaoggi.it\/website\/wp-json\/wp\/v2\/comments?post=196788"}],"version-history":[{"count":1,"href":"https:\/\/www.messinaoggi.it\/website\/wp-json\/wp\/v2\/posts\/196788\/revisions"}],"predecessor-version":[{"id":196789,"href":"https:\/\/www.messinaoggi.it\/website\/wp-json\/wp\/v2\/posts\/196788\/revisions\/196789"}],"wp:featuredmedia":[{"embeddable":true,"href":"https:\/\/www.messinaoggi.it\/website\/wp-json\/wp\/v2\/media\/3369"}],"wp:attachment":[{"href":"https:\/\/www.messinaoggi.it\/website\/wp-json\/wp\/v2\/media?parent=196788"}],"wp:term":[{"taxonomy":"category","embeddable":true,"href":"https:\/\/www.messinaoggi.it\/website\/wp-json\/wp\/v2\/categories?post=196788"},{"taxonomy":"post_tag","embeddable":true,"href":"https:\/\/www.messinaoggi.it\/website\/wp-json\/wp\/v2\/tags?post=196788"}],"curies":[{"name":"wp","href":"https:\/\/api.w.org\/{rel}","templated":true}]}}