{"id":196709,"date":"2024-05-06T11:31:30","date_gmt":"2024-05-06T09:31:30","guid":{"rendered":"http:\/\/www.messinaoggi.it\/website\/?p=196709"},"modified":"2024-05-06T11:31:32","modified_gmt":"2024-05-06T09:31:32","slug":"asili-nido-gioveni-si-sfruttino-i-quasi-6-milioni-di-euro-assegnati-dal-governo","status":"publish","type":"post","link":"https:\/\/www.messinaoggi.it\/website\/2024\/05\/06\/asili-nido-gioveni-si-sfruttino-i-quasi-6-milioni-di-euro-assegnati-dal-governo\/","title":{"rendered":"Asili nido, Gioveni: \u201cSi sfruttino i quasi 6 milioni di euro assegnati dal governo\u201d"},"content":{"rendered":"\n<p>\u201cSfruttare immediatamente il recentissimo decreto del Ministero dell\u2019Istruzione e del merito per potenziare ulteriormente gli asili nido in citt\u00e0!\u201d. Il consigliere comunale Libero Gioveni, capogruppo di Fratelli d\u2019Italia, interviene dopo i 5 milioni e 760 mila euro assegnati alla citt\u00e0 metropolitana di Messina dal Ministro Valditara dei complessivi 18 milioni e 720 mila assegnati anche a Palermo e Catania e chiede al sindaco Basile di attivarsi con urgenza.<div id=\"div-gpt-ad-Messinaoggi.it-DSK-300x250-corpoart\" style=\"text-align:center;margin:0 auto;\"><\/div><\/p>\n\n\n\n<p>\u201c\u00c8 un provvedimento fondamentale per la nostra citt\u00e0 per il quale non si pu\u00f2 che ringraziare il Governo \u2013 evidenzia Gioveni \u2013 e che certamente migliora il lavoro di progettazione e media scadenza che l\u2019Amministrazione ha iniziato da un paio d\u2019anni per aumentare i posti negli asili nido comunale cittadini. A breve, infatti sar\u00e0 aperto un nuovo asilo nido a villaggio CEP che si aggiunge a quelli di Camaro, Giostra, San Licandro e Lupetto Vittorio di viale Europa, ma nonostante le strutture sembrano essere sufficienti, di fatto non lo sono se si guarda ai posti disponibili per i quali purtroppo, visto il crescente aumento delle istanze che ogni anno le famiglie presentano nel mese di maggio, la Messina social city si trova costretta a formulare delle graduatorie per gli inserimenti, escludendo purtroppo tanti altri aventi diritto.<div id=\"videoincontent\" style=\"clear:both\";><\/div><\/p>\n\n\n\n<p>\u201cPeraltro occorre sempre ricordare che sui posti negli asili nido vige ancora il vecchio trattato di Lisbona del 2000 col quale era stato stabilito a livello europeo che deve essere data copertura negli asili nido al 33% dei bambini di et\u00e0 fino ai 36 mesi; trattato che poi \u00e8 stato confermato da una legge dello Stato nel 2017 col decreto n. 65, che oltre a parametrare questa percentuale a livello nazionale ha anche fissato come metodo il perseguimento di un riequilibrio territoriale.<\/p>\n\n\n\n<p>\u201cSi pensi, infatti che su circa 9600 bambini messinesi fino a 3 anni di et\u00e0 dovremmo coprire pi\u00f9 di 3000 posti negli asili nido cittadini, mentre invece in atto sono solo un centinaio, ossia l\u20191% rispetto alla soglia minima del 33%, per cui mi auguro che l\u2019Amministrazione proceda immediatamente a porre in essere ulteriori progettualit\u00e0, oltre a quelle gi\u00e0 in itinere, sfruttando queste nuove preziose risorse governative\u201d.<\/p>\n","protected":false},"excerpt":{"rendered":"<p>\u201cSfruttare immediatamente il recentissimo decreto del Ministero dell\u2019Istruzione e del merito per potenziare ulteriormente gli asili nido in citt\u00e0!\u201d. Il consigliere comunale Libero Gioveni, capogruppo di Fratelli d\u2019Italia, interviene dopo i 5 milioni e 760 mila euro assegnati alla citt\u00e0 metropolitana di Messina dal Ministro Valditara dei complessivi 18 milioni e 720 mila assegnati anche [&hellip;]<\/p>\n","protected":false},"author":8,"featured_media":13242,"comment_status":"open","ping_status":"open","sticky":false,"template":"","format":"standard","meta":{"ub_ctt_via":"","_mi_skip_tracking":false},"categories":[4],"tags":[2674,740],"featured_image_src":"https:\/\/www.messinaoggi.it\/website\/wp-content\/uploads\/2017\/12\/asili-nido-servizi.jpg","author_info":{"display_name":"red..me","author_link":"https:\/\/www.messinaoggi.it\/website\/author\/redstage\/"},"digistream_id":0,"digistream":false,"_links":{"self":[{"href":"https:\/\/www.messinaoggi.it\/website\/wp-json\/wp\/v2\/posts\/196709"}],"collection":[{"href":"https:\/\/www.messinaoggi.it\/website\/wp-json\/wp\/v2\/posts"}],"about":[{"href":"https:\/\/www.messinaoggi.it\/website\/wp-json\/wp\/v2\/types\/post"}],"author":[{"embeddable":true,"href":"https:\/\/www.messinaoggi.it\/website\/wp-json\/wp\/v2\/users\/8"}],"replies":[{"embeddable":true,"href":"https:\/\/www.messinaoggi.it\/website\/wp-json\/wp\/v2\/comments?post=196709"}],"version-history":[{"count":1,"href":"https:\/\/www.messinaoggi.it\/website\/wp-json\/wp\/v2\/posts\/196709\/revisions"}],"predecessor-version":[{"id":196710,"href":"https:\/\/www.messinaoggi.it\/website\/wp-json\/wp\/v2\/posts\/196709\/revisions\/196710"}],"wp:featuredmedia":[{"embeddable":true,"href":"https:\/\/www.messinaoggi.it\/website\/wp-json\/wp\/v2\/media\/13242"}],"wp:attachment":[{"href":"https:\/\/www.messinaoggi.it\/website\/wp-json\/wp\/v2\/media?parent=196709"}],"wp:term":[{"taxonomy":"category","embeddable":true,"href":"https:\/\/www.messinaoggi.it\/website\/wp-json\/wp\/v2\/categories?post=196709"},{"taxonomy":"post_tag","embeddable":true,"href":"https:\/\/www.messinaoggi.it\/website\/wp-json\/wp\/v2\/tags?post=196709"}],"curies":[{"name":"wp","href":"https:\/\/api.w.org\/{rel}","templated":true}]}}