{"id":196658,"date":"2024-05-06T00:08:01","date_gmt":"2024-05-05T22:08:01","guid":{"rendered":"https:\/\/www.messinaoggi.it\/website\/2024\/05\/05\/sinner-andro-al-roland-garros-solo-se-saro-al-top\/"},"modified":"2024-05-06T09:48:28","modified_gmt":"2024-05-06T07:48:28","slug":"sinner-andro-al-roland-garros-solo-se-saro-al-top","status":"publish","type":"post","link":"https:\/\/www.messinaoggi.it\/website\/2024\/05\/06\/sinner-andro-al-roland-garros-solo-se-saro-al-top\/","title":{"rendered":"Sinner \u201cAndr\u00f2 al Roland Garros solo se sar\u00f2 al top\u201d"},"content":{"rendered":"<div>ROMA (ITALPRESS) &#8211; Jannik Sinner non giocher\u00e0, per infortunio, gli Internazionali d&#8217;Italia, al via questa settimana sui campi in terra rossa di Roma ma pensa gi\u00e0 ai prossimi impegni. Nel mirino il Roland Garros, dove &#8220;andr\u00f2 solo se sar\u00f2 al 100 per 100&#8221;, come ha spiegato in conferenza stampa, dal Foro Italico di Roma, lo stesso numero uno del tennis azzurro, poi Wimbledon, le Olimpiadi di Parigi2024 e, infine, le Atp Finals di Torino. Al momento, per\u00f2, deve riposare e curare il &#8220;male&#8221; all&#8217;anca destra. &#8220;Non voglio entrare nei dettagli del problema ma pensavamo non fosse grave. C&#8217;\u00e8 qualcosa che non \u00e8 al 100 per 100, non voglio dire cos&#8217;\u00e8. Per\u00f2 la cosa sicura \u00e8 che se non dovesse essere curato al 100 per 100 mi fermer\u00f2 per un altro p\u00f2. Io non ho fretta, curare il corpo \u00e8 molto pi\u00f9 importante di tutto il resto&#8221;, ha precisato Sinner. &#8220;Tra una settimana avremo pi\u00f9 risposte. Al Roland Garros giocher\u00f2 se sar\u00f2 al meglio della condizione e se non ci sar\u00e0 alcun dubbio. Il bicchiere \u00e8 abbastanza pieno per quanto fatto fino a ora in campo. Adesso il mio obiettivo \u00e8 andare a Torino alle Finals Atp&#8221;, ha aggiunto il numero due della classifica mondiale. &#8220;Se ho fatto qualche errore? Non lo so. Mi rendo conto che il riposo \u00e8 importante, ma questo lo sapevo gi\u00e0. Ci sono infortuni che si possono prevenire e altri no, da questa situazione posso imparare e progredire. Alla mia et\u00e0 non si pu\u00f2 essere perfetti e poi giocher\u00f2 a Roma tante altre volte&#8221;, ha detto ancora il tennista altoatesino. &#8220;A Madrid ci sono stati dei giorni in cui sentivo pi\u00f9 dolore. Contro Kotov avevo pi\u00f9 dolore, poi il &#8216;mal\u00e8 nel match con Khachanov sembrava un p\u00f2 migliorato. Sapevo che c&#8217;era qualcosa che non andava e il giorno dopo la partita con Karen la risonanza ha fatto emergere che c&#8217;\u00e8 qualcosa che non \u00e8 al 100 per 100&#8221;, ha concluso Sinner.<br \/>&#8211; foto Ipa Agency &#8211;<br \/>(ITALPRESS).<\/div>\n<div id=\"div-gpt-ad-Messinaoggi.it-DSK-300x250-corpoart\" style=\"text-align:center;margin:0 auto;\"><\/div><\/p><div id=\"videoincontent\" style=\"clear:both\";><\/div>","protected":false},"excerpt":{"rendered":"<p>ROMA (ITALPRESS) &#8211; Jannik Sinner non giocher\u00e0, per infortunio, gli Internazionali d&#8217;Italia, al via questa settimana sui campi in terra rossa di Roma ma pensa gi\u00e0 ai prossimi impegni. Nel mirino il Roland Garros, dove &#8220;andr\u00f2 solo se sar\u00f2 al 100 per 100&#8221;, come ha spiegato in conferenza stampa, dal Foro Italico di Roma, lo [&hellip;]<\/p>\n","protected":false},"author":18,"featured_media":196659,"comment_status":"closed","ping_status":"closed","sticky":false,"template":"","format":"standard","meta":{"ub_ctt_via":"","_mi_skip_tracking":false},"categories":[8,446,9],"tags":[783],"featured_image_src":"https:\/\/www.messinaoggi.it\/website\/wp-content\/uploads\/2024\/05\/20240505_1273.jpg","author_info":{"display_name":"Admin","author_link":"https:\/\/www.messinaoggi.it\/website\/author\/admin\/"},"digistream_id":0,"digistream":false,"_links":{"self":[{"href":"https:\/\/www.messinaoggi.it\/website\/wp-json\/wp\/v2\/posts\/196658"}],"collection":[{"href":"https:\/\/www.messinaoggi.it\/website\/wp-json\/wp\/v2\/posts"}],"about":[{"href":"https:\/\/www.messinaoggi.it\/website\/wp-json\/wp\/v2\/types\/post"}],"author":[{"embeddable":true,"href":"https:\/\/www.messinaoggi.it\/website\/wp-json\/wp\/v2\/users\/18"}],"replies":[{"embeddable":true,"href":"https:\/\/www.messinaoggi.it\/website\/wp-json\/wp\/v2\/comments?post=196658"}],"version-history":[{"count":1,"href":"https:\/\/www.messinaoggi.it\/website\/wp-json\/wp\/v2\/posts\/196658\/revisions"}],"predecessor-version":[{"id":196702,"href":"https:\/\/www.messinaoggi.it\/website\/wp-json\/wp\/v2\/posts\/196658\/revisions\/196702"}],"wp:featuredmedia":[{"embeddable":true,"href":"https:\/\/www.messinaoggi.it\/website\/wp-json\/wp\/v2\/media\/196659"}],"wp:attachment":[{"href":"https:\/\/www.messinaoggi.it\/website\/wp-json\/wp\/v2\/media?parent=196658"}],"wp:term":[{"taxonomy":"category","embeddable":true,"href":"https:\/\/www.messinaoggi.it\/website\/wp-json\/wp\/v2\/categories?post=196658"},{"taxonomy":"post_tag","embeddable":true,"href":"https:\/\/www.messinaoggi.it\/website\/wp-json\/wp\/v2\/tags?post=196658"}],"curies":[{"name":"wp","href":"https:\/\/api.w.org\/{rel}","templated":true}]}}