{"id":196556,"date":"2024-05-03T21:02:00","date_gmt":"2024-05-03T19:02:00","guid":{"rendered":"http:\/\/www.messinaoggi.it\/website\/?p=196556"},"modified":"2024-05-03T21:02:10","modified_gmt":"2024-05-03T19:02:10","slug":"cateno-de-luca-migliora-ma-deve-restare-ancora-in-ospedale","status":"publish","type":"post","link":"https:\/\/www.messinaoggi.it\/website\/2024\/05\/03\/cateno-de-luca-migliora-ma-deve-restare-ancora-in-ospedale\/","title":{"rendered":"Cateno De Luca migliora, ma deve restare ancora in ospedale"},"content":{"rendered":"\n<p>Alla luce degli ultimi accertamenti svolti i medici che hanno in cura Cateno De Luca ritengono sia necessario prolungare il periodo di degenza in ospedale.\u00a0 Nonostante il suo stato di salute sia migliorato, il trattamento antibiotico per la polmonite acuta richiede ulteriori cinque giorni di cure ospedaliere. Dopo le dimissioni \u00e8 prevista una successiva fase riabilitativa con adeguati accorgimenti per evitare ricadute pericolose. A fronte della espressa richiesta da parte di De Luca di proseguire le cure a casa c&#8217;\u00e8 stato il fermo diniego da parte dei medici. La situazione attuale \u00e8 stata valutata tenendo conto anche dell\u2019evento del 24 ottobre 2022, quando De Luca \u00e8 stato ricoverato per un presunto ictus, successivamente diagnosticato come TIA. Di conseguenza, il protocollo per il trattamento farmacologico \u00e8 stato intensificato, considerando De Luca come un paziente ad alto rischio di ricaduta. Vi \u00e8 da parte di De Luca la ferma volont\u00e0 a tornare quanto prima ai suoi molteplici impegni e alla campagna elettorale e domani decider\u00e0 il da farsi.<div id=\"div-gpt-ad-Messinaoggi.it-DSK-300x250-corpoart\" style=\"text-align:center;margin:0 auto;\"><\/div><\/p>\n<div id=\"videoincontent\" style=\"clear:both\";><\/div>","protected":false},"excerpt":{"rendered":"<p>Alla luce degli ultimi accertamenti svolti i medici che hanno in cura Cateno De Luca ritengono sia necessario prolungare il periodo di degenza in ospedale.\u00a0 Nonostante il suo stato di salute sia migliorato, il trattamento antibiotico per la polmonite acuta richiede ulteriori cinque giorni di cure ospedaliere. Dopo le dimissioni \u00e8 prevista una successiva fase [&hellip;]<\/p>\n","protected":false},"author":4,"featured_media":174851,"comment_status":"open","ping_status":"open","sticky":false,"template":"","format":"standard","meta":{"ub_ctt_via":"","_mi_skip_tracking":false},"categories":[4],"tags":[126],"featured_image_src":"https:\/\/www.messinaoggi.it\/website\/wp-content\/uploads\/2023\/10\/DE-LUCA-ENNA.jpeg","author_info":{"display_name":"redme","author_link":"https:\/\/www.messinaoggi.it\/website\/author\/redme\/"},"digistream_id":0,"digistream":false,"_links":{"self":[{"href":"https:\/\/www.messinaoggi.it\/website\/wp-json\/wp\/v2\/posts\/196556"}],"collection":[{"href":"https:\/\/www.messinaoggi.it\/website\/wp-json\/wp\/v2\/posts"}],"about":[{"href":"https:\/\/www.messinaoggi.it\/website\/wp-json\/wp\/v2\/types\/post"}],"author":[{"embeddable":true,"href":"https:\/\/www.messinaoggi.it\/website\/wp-json\/wp\/v2\/users\/4"}],"replies":[{"embeddable":true,"href":"https:\/\/www.messinaoggi.it\/website\/wp-json\/wp\/v2\/comments?post=196556"}],"version-history":[{"count":1,"href":"https:\/\/www.messinaoggi.it\/website\/wp-json\/wp\/v2\/posts\/196556\/revisions"}],"predecessor-version":[{"id":196557,"href":"https:\/\/www.messinaoggi.it\/website\/wp-json\/wp\/v2\/posts\/196556\/revisions\/196557"}],"wp:featuredmedia":[{"embeddable":true,"href":"https:\/\/www.messinaoggi.it\/website\/wp-json\/wp\/v2\/media\/174851"}],"wp:attachment":[{"href":"https:\/\/www.messinaoggi.it\/website\/wp-json\/wp\/v2\/media?parent=196556"}],"wp:term":[{"taxonomy":"category","embeddable":true,"href":"https:\/\/www.messinaoggi.it\/website\/wp-json\/wp\/v2\/categories?post=196556"},{"taxonomy":"post_tag","embeddable":true,"href":"https:\/\/www.messinaoggi.it\/website\/wp-json\/wp\/v2\/tags?post=196556"}],"curies":[{"name":"wp","href":"https:\/\/api.w.org\/{rel}","templated":true}]}}