{"id":19648,"date":"2018-05-21T17:11:25","date_gmt":"2018-05-21T15:11:25","guid":{"rendered":"http:\/\/www.messinaoggi.it\/website\/?p=19648"},"modified":"2018-05-21T17:11:25","modified_gmt":"2018-05-21T15:11:25","slug":"igea-virtus-in-vendita-societa-consegnata-al-sindaco-materia","status":"publish","type":"post","link":"https:\/\/www.messinaoggi.it\/website\/2018\/05\/21\/igea-virtus-in-vendita-societa-consegnata-al-sindaco-materia\/","title":{"rendered":"Igea Virtus in vendita, societ\u00e0 consegnata al sindaco Materia"},"content":{"rendered":"<p>Trema il calcio provinciale e questa volta tocca a Barcellona Pozzo di Gotto, dove il gruppo di imprenditori locali che da anni \u00e8 alla guida dell&#8217;Igea Virtus, ha deciso di mettere in vendita la societ\u00e0. Il compito di trovare dei nuovi appassionati disposti a salvare la compagine giallorossa spetter\u00e0 al sindaco Roberto Materia. La nuova Igea negli scorsi anni era stata protagonista di una miracolosa cavalcata che l&#8217;ha portata dalla Prima categoria alla serie D. Le ultime due stagioni sono state condite da un piazzamento positivo ai playoff dilettantistici, risultato che rende la societ\u00e0 appetibile per degli investitori desiderosi di tentare il ripescaggio in Lega Pro. La palla passa adesso al primo cittadino, in ballo c&#8217;\u00e8 la passione di un popolo e il salvataggio di quanto di buono \u00e8 stato fatto da un gruppo che nei prossimi giorni preparer\u00e0 la finale con l&#8217;Ercolanese, in programma domenica.<div id=\"div-gpt-ad-Messinaoggi.it-DSK-300x250-corpoart\" style=\"text-align:center;margin:0 auto;\"><\/div><\/p>\n<p style=\"text-align: justify\">&#8220;Al termine della stagione 2017\/2018, i soci in carica dell\u2019Asd Igea Virtus Barcellona, dopo attenta analisi e con molta sofferenza, considerano terminato il loro percorso iniziato nell\u2019estate 2011, rilevando un titolo di Prima categoria con la volont\u00e0 di far rivivere il calcio a Barcellona P.G., dopo le negativit\u00e0 precedenti che tutti conosciamo. Si vuole mettere in evidenza che questa compagine societaria era composta da barcellonesi animati da autentica passione, disposti a fare calcio senza secondi fini, dedicando tempo e risorse importanti al servizio di una passione smisurata e all\u2019amore incondizionato verso questi colori e, allo stesso tempo, evidenziare la crescente difficolt\u00e0 palesata da alcuni soci rispetto agli impegni economici assunti a inizio stagione, difficolt\u00e0 che, in ogni caso, sono fisiologiche nel calcio attuale, come dimostrano situazioni ben pi\u00f9 complicate sia in Serie D che in campionati superiori. Per tali motivi, i soci affermano pubblicamente la volont\u00e0 di passare la mano e indicano nel dott. Roberto Materia, Sindaco della citt\u00e0 di Barcellona P.G., l\u2019unico soggetto preposto a ricevere proposte, a intavolare trattative e a ragguagliare gli eventuali interessati. Per quel che riguarda l\u2019aspetto calcistico, in questi sette anni sono stati raggiunti risultati di tutto rispetto in ogni campionato affrontato, sfiorando per ben due volte la promozione diretta nella terza serie nazionale, che avrebbe rappresentato il punto pi\u00f9 alto della gloriosa storia igeana, fino al raggiungimento, per il secondo anno consecutivo, del piazzamento play-off in Serie D e che faremo di tutto per cercare di vincere. Un ringraziamento sentito a tutti i tifosi che, in questi anni, ci hanno sempre sostenuto, non facendo mancare mai, in nessun campo, il proprio calore, a tutti i dirigenti presenti e passati, ai calciatori e agli staff tecnici che hanno onorato questi colori, facendoci sentire sempre orgogliosi di loro e a tutti gli sponsor che ci hanno sempre supportato.<br \/>\nLa decisione di comunicare in anticipo di passare la mano, ovvero in data odierna, prima della finale play-off in programma domenica 27 maggio sul campo dell\u2019Ercolanese, viene presa per dare la possibilit\u00e0 agli interessati di compiere tutti i passaggi tecnici necessari e, allo stesso tempo, dimostra la volont\u00e0 di assicurare ai successori la possibilit\u00e0 di programmare in anticipo un\u2019altra stagione di Serie D oppure di considerare l\u2019ipotesi di un eventuale ripescaggio in Serie C, auspicando un passaggio di consegne entro il termine di mercoled\u00ec 20 giugno 2018, in maniera che la nuova societ\u00e0 possa essere operativa sin dell\u2019avvio della nuova stagione sportiva fissato l\u20191 luglio 2018&#8221;.<div id=\"videoincontent\" style=\"clear:both\";><\/div><\/p>\n","protected":false},"excerpt":{"rendered":"<p>Trema il calcio provinciale e questa volta tocca a Barcellona Pozzo di Gotto, dove il gruppo di imprenditori locali che da anni \u00e8 alla guida dell&#8217;Igea Virtus, ha deciso di mettere in vendita la societ\u00e0. Il compito di trovare dei nuovi appassionati disposti a salvare la compagine giallorossa spetter\u00e0 al sindaco Roberto Materia. La nuova [&hellip;]<\/p>\n","protected":false},"author":6,"featured_media":19649,"comment_status":"closed","ping_status":"open","sticky":false,"template":"","format":"standard","meta":{"ub_ctt_via":"","_mi_skip_tracking":false},"categories":[10],"tags":[],"featured_image_src":"https:\/\/www.messinaoggi.it\/website\/wp-content\/uploads\/2018\/05\/igea_v10-1.jpg","author_info":{"display_name":"Redazione MessinaOggi.it","author_link":"https:\/\/www.messinaoggi.it\/website\/author\/p-vinci\/"},"digistream_id":0,"digistream":false,"_links":{"self":[{"href":"https:\/\/www.messinaoggi.it\/website\/wp-json\/wp\/v2\/posts\/19648"}],"collection":[{"href":"https:\/\/www.messinaoggi.it\/website\/wp-json\/wp\/v2\/posts"}],"about":[{"href":"https:\/\/www.messinaoggi.it\/website\/wp-json\/wp\/v2\/types\/post"}],"author":[{"embeddable":true,"href":"https:\/\/www.messinaoggi.it\/website\/wp-json\/wp\/v2\/users\/6"}],"replies":[{"embeddable":true,"href":"https:\/\/www.messinaoggi.it\/website\/wp-json\/wp\/v2\/comments?post=19648"}],"version-history":[{"count":0,"href":"https:\/\/www.messinaoggi.it\/website\/wp-json\/wp\/v2\/posts\/19648\/revisions"}],"wp:featuredmedia":[{"embeddable":true,"href":"https:\/\/www.messinaoggi.it\/website\/wp-json\/wp\/v2\/media\/19649"}],"wp:attachment":[{"href":"https:\/\/www.messinaoggi.it\/website\/wp-json\/wp\/v2\/media?parent=19648"}],"wp:term":[{"taxonomy":"category","embeddable":true,"href":"https:\/\/www.messinaoggi.it\/website\/wp-json\/wp\/v2\/categories?post=19648"},{"taxonomy":"post_tag","embeddable":true,"href":"https:\/\/www.messinaoggi.it\/website\/wp-json\/wp\/v2\/tags?post=19648"}],"curies":[{"name":"wp","href":"https:\/\/api.w.org\/{rel}","templated":true}]}}