{"id":196386,"date":"2024-05-02T15:08:03","date_gmt":"2024-05-02T13:08:03","guid":{"rendered":"https:\/\/www.messinaoggi.it\/website\/2024\/05\/02\/pichetto-entro-la-legislatura-nuove-norme-sul-nucleare\/"},"modified":"2024-05-02T15:08:03","modified_gmt":"2024-05-02T13:08:03","slug":"pichetto-entro-la-legislatura-nuove-norme-sul-nucleare","status":"publish","type":"post","link":"https:\/\/www.messinaoggi.it\/website\/2024\/05\/02\/pichetto-entro-la-legislatura-nuove-norme-sul-nucleare\/","title":{"rendered":"Pichetto \u201cEntro la legislatura nuove norme sul nucleare\u201d"},"content":{"rendered":"<div>ROMA (ITALPRESS) &#8211; &#8220;Entro questa legislatura il governo vuole avere pronto il quadro giuridico per il ritorno al nucleare&#8221;. <br \/>Lo ha spiegato il ministro dell&#8217;Ambiente e della sicurezza energetica, Gilberto Pichetto, a 24 Mattino su Radio 24. <br \/>Alla domanda se entro la legislatura potr\u00e0 essere cambiato il quadro legislativo sul nucleare, Pichetto ha risposto &#8220;s\u00ec. Io ce la metto tutta. Questo \u00e8 il mandato del governo e del Parlamento. Io sto agendo con un gruppo di lavoro che deve occuparsi del quadro giuridico. Se tu vuoi comprarti uno small modular reactor, deve esserci un quadro giuridico compatibile&#8221;, ha concluso il ministro.<br \/>(ITALPRESS).<br \/>&#8211; Foto: Agenzia Fotogramma &#8211;<\/div>\n<div id=\"div-gpt-ad-Messinaoggi.it-DSK-300x250-corpoart\" style=\"text-align:center;margin:0 auto;\"><\/div><\/p><div id=\"videoincontent\" style=\"clear:both\";><\/div>","protected":false},"excerpt":{"rendered":"<p>ROMA (ITALPRESS) &#8211; &#8220;Entro questa legislatura il governo vuole avere pronto il quadro giuridico per il ritorno al nucleare&#8221;. Lo ha spiegato il ministro dell&#8217;Ambiente e della sicurezza energetica, Gilberto Pichetto, a 24 Mattino su Radio 24. Alla domanda se entro la legislatura potr\u00e0 essere cambiato il quadro legislativo sul nucleare, Pichetto ha risposto &#8220;s\u00ec. [&hellip;]<\/p>\n","protected":false},"author":18,"featured_media":196387,"comment_status":"closed","ping_status":"closed","sticky":false,"template":"","format":"standard","meta":{"ub_ctt_via":"","_mi_skip_tracking":false},"categories":[446],"tags":[783],"featured_image_src":"https:\/\/www.messinaoggi.it\/website\/wp-content\/uploads\/2024\/05\/20240502_0782.jpg","author_info":{"display_name":"Admin","author_link":"https:\/\/www.messinaoggi.it\/website\/author\/admin\/"},"digistream_id":0,"digistream":false,"_links":{"self":[{"href":"https:\/\/www.messinaoggi.it\/website\/wp-json\/wp\/v2\/posts\/196386"}],"collection":[{"href":"https:\/\/www.messinaoggi.it\/website\/wp-json\/wp\/v2\/posts"}],"about":[{"href":"https:\/\/www.messinaoggi.it\/website\/wp-json\/wp\/v2\/types\/post"}],"author":[{"embeddable":true,"href":"https:\/\/www.messinaoggi.it\/website\/wp-json\/wp\/v2\/users\/18"}],"replies":[{"embeddable":true,"href":"https:\/\/www.messinaoggi.it\/website\/wp-json\/wp\/v2\/comments?post=196386"}],"version-history":[{"count":0,"href":"https:\/\/www.messinaoggi.it\/website\/wp-json\/wp\/v2\/posts\/196386\/revisions"}],"wp:featuredmedia":[{"embeddable":true,"href":"https:\/\/www.messinaoggi.it\/website\/wp-json\/wp\/v2\/media\/196387"}],"wp:attachment":[{"href":"https:\/\/www.messinaoggi.it\/website\/wp-json\/wp\/v2\/media?parent=196386"}],"wp:term":[{"taxonomy":"category","embeddable":true,"href":"https:\/\/www.messinaoggi.it\/website\/wp-json\/wp\/v2\/categories?post=196386"},{"taxonomy":"post_tag","embeddable":true,"href":"https:\/\/www.messinaoggi.it\/website\/wp-json\/wp\/v2\/tags?post=196386"}],"curies":[{"name":"wp","href":"https:\/\/api.w.org\/{rel}","templated":true}]}}