{"id":196351,"date":"2024-05-02T11:07:59","date_gmt":"2024-05-02T09:07:59","guid":{"rendered":"https:\/\/www.messinaoggi.it\/website\/2024\/05\/02\/salvini-ci-vuole-piu-italia-in-europa-poteri-forti-non-ci-amano\/"},"modified":"2024-05-02T11:38:29","modified_gmt":"2024-05-02T09:38:29","slug":"salvini-ci-vuole-piu-italia-in-europa-poteri-forti-non-ci-amano","status":"publish","type":"post","link":"https:\/\/www.messinaoggi.it\/website\/2024\/05\/02\/salvini-ci-vuole-piu-italia-in-europa-poteri-forti-non-ci-amano\/","title":{"rendered":"Salvini \u201cCi vuole pi\u00f9 Italia in Europa, poteri forti non ci amano\u201d"},"content":{"rendered":"<div>ROMA (ITALPRESS) &#8211; &#8220;Noi nelle liste non facciamo nessuna campagna acquisti e conto di mettere sul tavolo a Bruxelles due temi che la Lega porter\u00e0 avanti nel Parlamento europeo: la casa e l&#8217;auto&#8221;.<br \/>\nLo ha detto il leader della Lega, Matteo Salvini, ospite &#8220;Mattino Cinque News&#8221; su Canale 5. &#8220;Il generale Vannacci \u00e8 un uomo libero, ha difeso l&#8217;Italia in tanti Paesi nel mondo. E&#8217; stato minacciato dall&#8217;Isis, figuriamoci se si fa spaventare da qualche giornalista di sinistra con la puzza sotto il naso. Se si pu\u00f2 candidare qualcuno che \u00e8 in carcere con accuse pesanti, Salis, perch\u00e8 non si pu\u00f2 candidare un generale che ha difeso il Paese?&#8221;, aggiunge il ministro. &#8220;Vorrei che l&#8217;Europa facesse poco cose e bene. Qualche partito dice votatemi perch\u00e8 ci vuole pi\u00f9 Europa, io dico ci vuole pi\u00f9 Italia&#8221;, spiega. &#8220;Gran parte della stampa di sinistra, del mondo finanziario, dei burocrati, non amano n\u00e8 me n\u00e8 la Lega. Penso di essere l&#8217;unico ministro a processo perch\u00e8 ho bloccato gli sbarchi e mantenuto una promessa fatta agli elettori. I cosiddetti &#8216;poteri fort\u00ec non amano me, il generale Vannacci, i sindaci leghisti, ma noi andiamo avanti lo stesso&#8221; conclude Salvini.<br \/>\n(ITALPRESS).<br \/>\n&#8211; Foto: Agenzia Fotogramma &#8211;<\/div>\n<div id=\"div-gpt-ad-Messinaoggi.it-DSK-300x250-corpoart\" style=\"text-align:center;margin:0 auto;\"><\/div><\/p><div id=\"videoincontent\" style=\"clear:both\";><\/div>","protected":false},"excerpt":{"rendered":"<p>ROMA (ITALPRESS) &#8211; &#8220;Noi nelle liste non facciamo nessuna campagna acquisti e conto di mettere sul tavolo a Bruxelles due temi che la Lega porter\u00e0 avanti nel Parlamento europeo: la casa e l&#8217;auto&#8221;. Lo ha detto il leader della Lega, Matteo Salvini, ospite &#8220;Mattino Cinque News&#8221; su Canale 5. &#8220;Il generale Vannacci \u00e8 un uomo [&hellip;]<\/p>\n","protected":false},"author":18,"featured_media":196352,"comment_status":"closed","ping_status":"closed","sticky":false,"template":"","format":"standard","meta":{"ub_ctt_via":"","_mi_skip_tracking":false},"categories":[446,4],"tags":[783],"featured_image_src":"https:\/\/www.messinaoggi.it\/website\/wp-content\/uploads\/2024\/05\/20240502_0285.jpg","author_info":{"display_name":"Admin","author_link":"https:\/\/www.messinaoggi.it\/website\/author\/admin\/"},"digistream_id":0,"digistream":false,"_links":{"self":[{"href":"https:\/\/www.messinaoggi.it\/website\/wp-json\/wp\/v2\/posts\/196351"}],"collection":[{"href":"https:\/\/www.messinaoggi.it\/website\/wp-json\/wp\/v2\/posts"}],"about":[{"href":"https:\/\/www.messinaoggi.it\/website\/wp-json\/wp\/v2\/types\/post"}],"author":[{"embeddable":true,"href":"https:\/\/www.messinaoggi.it\/website\/wp-json\/wp\/v2\/users\/18"}],"replies":[{"embeddable":true,"href":"https:\/\/www.messinaoggi.it\/website\/wp-json\/wp\/v2\/comments?post=196351"}],"version-history":[{"count":1,"href":"https:\/\/www.messinaoggi.it\/website\/wp-json\/wp\/v2\/posts\/196351\/revisions"}],"predecessor-version":[{"id":196363,"href":"https:\/\/www.messinaoggi.it\/website\/wp-json\/wp\/v2\/posts\/196351\/revisions\/196363"}],"wp:featuredmedia":[{"embeddable":true,"href":"https:\/\/www.messinaoggi.it\/website\/wp-json\/wp\/v2\/media\/196352"}],"wp:attachment":[{"href":"https:\/\/www.messinaoggi.it\/website\/wp-json\/wp\/v2\/media?parent=196351"}],"wp:term":[{"taxonomy":"category","embeddable":true,"href":"https:\/\/www.messinaoggi.it\/website\/wp-json\/wp\/v2\/categories?post=196351"},{"taxonomy":"post_tag","embeddable":true,"href":"https:\/\/www.messinaoggi.it\/website\/wp-json\/wp\/v2\/tags?post=196351"}],"curies":[{"name":"wp","href":"https:\/\/api.w.org\/{rel}","templated":true}]}}