{"id":196319,"date":"2024-05-01T13:17:17","date_gmt":"2024-05-01T11:17:17","guid":{"rendered":"http:\/\/www.messinaoggi.it\/website\/?p=196319"},"modified":"2024-05-01T13:18:05","modified_gmt":"2024-05-01T11:18:05","slug":"droga-ed-armi-minorenne-condannata","status":"publish","type":"post","link":"https:\/\/www.messinaoggi.it\/website\/2024\/05\/01\/droga-ed-armi-minorenne-condannata\/","title":{"rendered":"Droga ed armi, minorenne condannata"},"content":{"rendered":"\n<p>La Procura per i minorenni di Messina ha emesso un provvedimento di esecuzione di pene concorrenti nei confronti di un minore per l&#8217;esecuzione della pena di 5 anni e mesi 5 di reclusione, derivante dal cumulo di due distinte sentenze che hanno ritenuto l&#8217;imputato responsabile di vari reati in materia di detenzione e spaccio di sostanze stupefacenti del tipo cocaina, marijuana, hashish, per un peso complessivo di oltre 16 kg, di detenzione illegale di un fucile, una pistola a tamburo e di oltre 100 cartucce, di acquisto o detenzione di un motociclo di tipo Honda rubato, nonch\u00e9, \u00e8 stato ritenuto responsabile per aver progettato, organizzato e realizzato, in concorso con maggiorenni, un agguato con l&#8217;utilizzo di arma da fuoco che ha procurato alla vittima lesioni, avvenuto il 22 luglio 2023. La condanna \u00e8 frutto di una complessa attivit\u00e0 investigativa svolta dalla Squadra mobile. Il minore al momento del provvedimento di esecuzione era gi\u00e0 nel carcere minorile dopo l&#8217;arresto in flagranza per detenzione di sostanze stupefacenti e detenzione illegale di armi e cartucce.<div id=\"div-gpt-ad-Messinaoggi.it-DSK-300x250-corpoart\" style=\"text-align:center;margin:0 auto;\"><\/div><\/p>\n<div id=\"videoincontent\" style=\"clear:both\";><\/div>","protected":false},"excerpt":{"rendered":"<p>La Procura per i minorenni di Messina ha emesso un provvedimento di esecuzione di pene concorrenti nei confronti di un minore per l&#8217;esecuzione della pena di 5 anni e mesi 5 di reclusione, derivante dal cumulo di due distinte sentenze che hanno ritenuto l&#8217;imputato responsabile di vari reati in materia di detenzione e spaccio di [&hellip;]<\/p>\n","protected":false},"author":4,"featured_media":10358,"comment_status":"open","ping_status":"open","sticky":false,"template":"","format":"standard","meta":{"ub_ctt_via":"","_mi_skip_tracking":false},"categories":[5],"tags":[872],"featured_image_src":"https:\/\/www.messinaoggi.it\/website\/wp-content\/uploads\/2017\/10\/tribunale-di-messinaRRP_1730.jpg","author_info":{"display_name":"redme","author_link":"https:\/\/www.messinaoggi.it\/website\/author\/redme\/"},"digistream_id":0,"digistream":false,"_links":{"self":[{"href":"https:\/\/www.messinaoggi.it\/website\/wp-json\/wp\/v2\/posts\/196319"}],"collection":[{"href":"https:\/\/www.messinaoggi.it\/website\/wp-json\/wp\/v2\/posts"}],"about":[{"href":"https:\/\/www.messinaoggi.it\/website\/wp-json\/wp\/v2\/types\/post"}],"author":[{"embeddable":true,"href":"https:\/\/www.messinaoggi.it\/website\/wp-json\/wp\/v2\/users\/4"}],"replies":[{"embeddable":true,"href":"https:\/\/www.messinaoggi.it\/website\/wp-json\/wp\/v2\/comments?post=196319"}],"version-history":[{"count":1,"href":"https:\/\/www.messinaoggi.it\/website\/wp-json\/wp\/v2\/posts\/196319\/revisions"}],"predecessor-version":[{"id":196320,"href":"https:\/\/www.messinaoggi.it\/website\/wp-json\/wp\/v2\/posts\/196319\/revisions\/196320"}],"wp:featuredmedia":[{"embeddable":true,"href":"https:\/\/www.messinaoggi.it\/website\/wp-json\/wp\/v2\/media\/10358"}],"wp:attachment":[{"href":"https:\/\/www.messinaoggi.it\/website\/wp-json\/wp\/v2\/media?parent=196319"}],"wp:term":[{"taxonomy":"category","embeddable":true,"href":"https:\/\/www.messinaoggi.it\/website\/wp-json\/wp\/v2\/categories?post=196319"},{"taxonomy":"post_tag","embeddable":true,"href":"https:\/\/www.messinaoggi.it\/website\/wp-json\/wp\/v2\/tags?post=196319"}],"curies":[{"name":"wp","href":"https:\/\/api.w.org\/{rel}","templated":true}]}}