{"id":196251,"date":"2024-04-30T17:08:01","date_gmt":"2024-04-30T15:08:01","guid":{"rendered":"https:\/\/www.messinaoggi.it\/website\/2024\/04\/30\/mattarella-il-lavoro-non-e-una-merce\/"},"modified":"2024-04-30T17:08:01","modified_gmt":"2024-04-30T15:08:01","slug":"mattarella-il-lavoro-non-e-una-merce","status":"publish","type":"post","link":"https:\/\/www.messinaoggi.it\/website\/2024\/04\/30\/mattarella-il-lavoro-non-e-una-merce\/","title":{"rendered":"Mattarella \u201cIl lavoro non \u00e8 una merce\u201d"},"content":{"rendered":"<div>CASTROVILLARI (COSENZA) (ITALPRESS) &#8211; Il lavoro &#8220;\u00e8 un elemento base della nostra identit\u00e0 democratica. Non si tratta soltanto di un richiamo ai valori di libert\u00e0 e di eguaglianza ma dell&#8217;indicazione di un modello sociale vivo, proiettato verso la coesione e la solidariet\u00e0. Capace, quindi, di rimuovere continuamente, nel corso del tempo, gli ostacoli che sottraggono opportunit\u00e0 alle persone e impediscono il pieno esercizio dei diritti&#8221;. Lo ha detto il presidente della Repubblica Sergio Mattarella, a Castrovillari in occasione della visita al sistema agroalimentare del distretto del Cosentino alla vigilia della Festa del Lavoro.<br \/>&#8220;Il lavoro \u00e8 legato, in maniera indissolubile, alla persona, alla sua dignit\u00e0, alla sua dimensione sociale, al contributo che ciascuno pu\u00f2 e deve dare alla partecipazione alla vita della societ\u00e0 &#8211; ha aggiunto il capo dello Stato -. Il lavoro non \u00e8 una merce. Ha un valore &#8211; lo sappiamo &#8211; nel mercato dei beni e degli scambi. Anzi, ne \u00e8 elemento essenziale, perch\u00e8 senza l&#8217;apporto della creativit\u00e0 umana sarebbe privo di consistenza e di qualit\u00e0. Ma proprio la connessione con la realizzazione della personalit\u00e0 umana conferisce al lavoro un significato ben pi\u00f9 grande di un bene economico; lo rende elemento costitutivo del destino comune&#8221;.<br \/>&#8220;Oltre trenta anni addietro qualcuno aveva ipotizzato la &#8220;fine della storia&#8221;, ampiamente smentito dagli eventi successivi. Oggi si sente parlare di &#8220;fine del lavoro&#8221; come traguardo di modernit\u00e0 &#8211; ha spiegato Mattarella -. In realt\u00e0 viene, da taluno, ipotizzata, pi\u00f9 che la liberazione dalla fatica, la sostituzione dell&#8217;imperfezione umana con macchine e tecnologie, sino all&#8217;intelligenza artificiale, ritenuta in grado di azzerare ogni errore. In realt\u00e0, in quella prospettiva, in quella falsa prospettiva, si configura la rimozione dell&#8217;immenso e insostituibile valore della creativit\u00e0. Uno scenario che raffigura una limitazione alla libert\u00e0 della persona umana nel suo profilo pi\u00f9 affascinante: il suo pensiero, la sua opera. Non un sogno, quindi, ma una prospettiva allarmante e, in realt\u00e0, estranea al buon uso dei preziosi benefici recati dai risultati che la scienza consegna all&#8217;umanit\u00e0 e, tra questi, quello della cosiddetta intelligenza artificiale, strumento prezioso, naturalmente, in questa direzione e in questa chiave&#8221;.<br \/>&#8220;Il lavoro \u00e8 libert\u00e0. Anzitutto libert\u00e0 dal bisogno e strumento per esprimere s\u00e8 stessi, per realizzarsi nella vita &#8211; ha sottolineato il capo dello Stato -. Gli straordinari progressi della scienza e della tecnica per migliorare la qualit\u00e0 e la sostenibilit\u00e0 dei prodotti e dei servizi, devono essere sempre indirizzati alla tutela dell&#8217;integrit\u00e0 delle persone, dei loro diritti. A partire dal diritto al lavoro&#8221;. Quindi &#8220;il lavoro deve essere libero da condizionamenti, squilibri e abusi che creano emarginazione e rappresentano il contrario del suo ruolo e del suo significato. Fattori che rappresentano pesanti impedimenti al cammino dell&#8217;intera societ\u00e0&#8221;, ha proseguito Mattarella.<div id=\"div-gpt-ad-Messinaoggi.it-DSK-300x250-corpoart\" style=\"text-align:center;margin:0 auto;\"><\/div><\/p>\n<p>&#8211; Foto ufficio stampa Quirinale &#8211;<div id=\"videoincontent\" style=\"clear:both\";><\/div><\/p>\n<p>(ITALPRESS).<\/p><\/div>\n","protected":false},"excerpt":{"rendered":"<p>CASTROVILLARI (COSENZA) (ITALPRESS) &#8211; Il lavoro &#8220;\u00e8 un elemento base della nostra identit\u00e0 democratica. Non si tratta soltanto di un richiamo ai valori di libert\u00e0 e di eguaglianza ma dell&#8217;indicazione di un modello sociale vivo, proiettato verso la coesione e la solidariet\u00e0. Capace, quindi, di rimuovere continuamente, nel corso del tempo, gli ostacoli che sottraggono [&hellip;]<\/p>\n","protected":false},"author":18,"featured_media":196252,"comment_status":"closed","ping_status":"closed","sticky":false,"template":"","format":"standard","meta":{"ub_ctt_via":"","_mi_skip_tracking":false},"categories":[446],"tags":[783],"featured_image_src":"https:\/\/www.messinaoggi.it\/website\/wp-content\/uploads\/2024\/04\/20240430_0955.jpg","author_info":{"display_name":"Admin","author_link":"https:\/\/www.messinaoggi.it\/website\/author\/admin\/"},"digistream_id":0,"digistream":false,"_links":{"self":[{"href":"https:\/\/www.messinaoggi.it\/website\/wp-json\/wp\/v2\/posts\/196251"}],"collection":[{"href":"https:\/\/www.messinaoggi.it\/website\/wp-json\/wp\/v2\/posts"}],"about":[{"href":"https:\/\/www.messinaoggi.it\/website\/wp-json\/wp\/v2\/types\/post"}],"author":[{"embeddable":true,"href":"https:\/\/www.messinaoggi.it\/website\/wp-json\/wp\/v2\/users\/18"}],"replies":[{"embeddable":true,"href":"https:\/\/www.messinaoggi.it\/website\/wp-json\/wp\/v2\/comments?post=196251"}],"version-history":[{"count":0,"href":"https:\/\/www.messinaoggi.it\/website\/wp-json\/wp\/v2\/posts\/196251\/revisions"}],"wp:featuredmedia":[{"embeddable":true,"href":"https:\/\/www.messinaoggi.it\/website\/wp-json\/wp\/v2\/media\/196252"}],"wp:attachment":[{"href":"https:\/\/www.messinaoggi.it\/website\/wp-json\/wp\/v2\/media?parent=196251"}],"wp:term":[{"taxonomy":"category","embeddable":true,"href":"https:\/\/www.messinaoggi.it\/website\/wp-json\/wp\/v2\/categories?post=196251"},{"taxonomy":"post_tag","embeddable":true,"href":"https:\/\/www.messinaoggi.it\/website\/wp-json\/wp\/v2\/tags?post=196251"}],"curies":[{"name":"wp","href":"https:\/\/api.w.org\/{rel}","templated":true}]}}