{"id":196202,"date":"2024-04-29T21:07:59","date_gmt":"2024-04-29T19:07:59","guid":{"rendered":"https:\/\/www.messinaoggi.it\/website\/2024\/04\/29\/difesa-accordo-italia-francia-sul-polo-industriale-terrestre-europeo\/"},"modified":"2024-04-29T21:07:59","modified_gmt":"2024-04-29T19:07:59","slug":"difesa-accordo-italia-francia-sul-polo-industriale-terrestre-europeo","status":"publish","type":"post","link":"https:\/\/www.messinaoggi.it\/website\/2024\/04\/29\/difesa-accordo-italia-francia-sul-polo-industriale-terrestre-europeo\/","title":{"rendered":"Difesa, accordo Italia-Francia sul polo industriale terrestre europeo"},"content":{"rendered":"<div>ROMA (ITALPRESS) &#8211; Il ministro della Difesa, Guido Crosetto, ha incontrato presso il campo militare di Raffalli a Calvi (Corsica), il ministro delle Forze Armate della Francia, S\u00e8bastien Lecornu. Al termine i due ministri hanno firmato una lettera d&#8217;intenti per la costituzione del Polo Industriale Terrestre Europeo. &#8220;Il mondo \u00e8 cambiato, non si pu\u00f2 tornare indietro e dobbiamo prepararci a scenari che possono essere anche piu complessi di quelli attuali. Italia e Francia devono rafforzare la loro cooperazione perch\u00e8 il futuro politico, militare e industriale dell&#8217;Europa parte dalle grandi Nazioni che hanno costruito l&#8217;Europa. Divisi siamo deboli, ma unita l&#8217;Europa pu\u00f2 essere forte, grazie all&#8217;eredit\u00e0 storica, culturale e di valori derivanti da secoli di storia e  alle straordinarie capacit\u00e0 industriali e di conoscenze dei nostri paesi. Non ci sono partiti politici o elezioni che ci dividano; abbiamo lo stesso interesse e lo stesso obiettivo: servire al meglio la nostra Nazione&#8221;, ha affermato il ministro Crosetto. <br \/>&#8220;Oggi abbiamo firmato una lettera d&#8217;intenti &#8211; ha aggiunto &#8211; che punta ad avere un Polo industriale europeo nel campo terrestre dove confluiranno le migliori aziende italiane e francesi del settore. E&#8217; fondamentale mettere insieme tutte le tecnologie europee migliori e fare dei Poli sempre pi\u00f9 forti perch\u00e8 noi avremo bisogno di investimenti importanti per reggere il passo con l&#8217;evoluzione tecnologica. Se ci confrontiamo con Paesi come la Cina, abbiamo necessit\u00e0 di mettere a sistema risorse finanziarie, tecnologiche, industriali e umane per avere un&#8217;industria della Difesa capace di supportare le nostra Forze Armate e fornire loro equipaggiamenti e sistemi d&#8217;arma efficaci. Le Forze Armate hanno bisogno di un&#8217;industria che operi con la stessa velocit\u00e0, lo stesso amore per la Patria e la stessa determinazione che hanno i nostri soldati che combattono per la pace e la democrazia&#8221;. Il Polo Industriale Terrestre Europeo, che nascer\u00e0 da questo accordo tra il ministro Crosetto e l&#8217;omologo francese Lecornu, ha lo scopo di rafforzare la cooperazione industriale e le capacit\u00e0 difensive dell&#8217;Europa attraverso lo sviluppo congiunto di nuove piattaforme terrestri.<br \/>L&#8217;alleanza strategica consentir\u00e0 di implementare programmi di collaborazione tra le Nazioni europee attraverso il rafforzamento delle basi industriali e lo sviluppo della futura generazione di piattaforme, tra le quali l&#8217;MGCS (Main Ground Combat System). <br \/>Il programma integrer\u00e0 nuove tecnologie all&#8217;avanguardia, inclusa l&#8217;intelligenza artificiale , garantendo una base industriale e tecnologica di difesa europea autonoma e consolidata. <br \/>La firma dell&#8217;accordo, rappresenta un passo significativo verso una difesa europea integrata, pilastro dell&#8217;Alleanza Atlantica, in grado di rispondere alle sfide del presente e del futuro. <br \/>Al centro del colloquio anche l&#8217;attuale situazione in Medio Oriente e in Ucraina, e la volont\u00e0 comune di accrescere le sinergie tra gli Stati membri dell&#8217;Unione Europea per giungere alla fine delle ostilit\u00e0 e a una pace giusta. I due ministri hanno espresso soddisfazione, a margine dell&#8217;incontro, a testimonianza dell&#8217;impegno comune e della volont\u00e0 di contribuire alla difesa dei valori di libert\u00e0, pace e democrazia.<div id=\"div-gpt-ad-Messinaoggi.it-DSK-300x250-corpoart\" style=\"text-align:center;margin:0 auto;\"><\/div><\/p>\n<p>&#8211; Foto ufficio stampa ministero della Difesa &#8211;<div id=\"videoincontent\" style=\"clear:both\";><\/div><\/p>\n<p>(ITALPRESS).<\/p><\/div>\n","protected":false},"excerpt":{"rendered":"<p>ROMA (ITALPRESS) &#8211; Il ministro della Difesa, Guido Crosetto, ha incontrato presso il campo militare di Raffalli a Calvi (Corsica), il ministro delle Forze Armate della Francia, S\u00e8bastien Lecornu. Al termine i due ministri hanno firmato una lettera d&#8217;intenti per la costituzione del Polo Industriale Terrestre Europeo. &#8220;Il mondo \u00e8 cambiato, non si pu\u00f2 tornare [&hellip;]<\/p>\n","protected":false},"author":18,"featured_media":196203,"comment_status":"closed","ping_status":"closed","sticky":false,"template":"","format":"standard","meta":{"ub_ctt_via":"","_mi_skip_tracking":false},"categories":[446],"tags":[783],"featured_image_src":"https:\/\/www.messinaoggi.it\/website\/wp-content\/uploads\/2024\/04\/20240429_1836.jpg","author_info":{"display_name":"Admin","author_link":"https:\/\/www.messinaoggi.it\/website\/author\/admin\/"},"digistream_id":0,"digistream":false,"_links":{"self":[{"href":"https:\/\/www.messinaoggi.it\/website\/wp-json\/wp\/v2\/posts\/196202"}],"collection":[{"href":"https:\/\/www.messinaoggi.it\/website\/wp-json\/wp\/v2\/posts"}],"about":[{"href":"https:\/\/www.messinaoggi.it\/website\/wp-json\/wp\/v2\/types\/post"}],"author":[{"embeddable":true,"href":"https:\/\/www.messinaoggi.it\/website\/wp-json\/wp\/v2\/users\/18"}],"replies":[{"embeddable":true,"href":"https:\/\/www.messinaoggi.it\/website\/wp-json\/wp\/v2\/comments?post=196202"}],"version-history":[{"count":0,"href":"https:\/\/www.messinaoggi.it\/website\/wp-json\/wp\/v2\/posts\/196202\/revisions"}],"wp:featuredmedia":[{"embeddable":true,"href":"https:\/\/www.messinaoggi.it\/website\/wp-json\/wp\/v2\/media\/196203"}],"wp:attachment":[{"href":"https:\/\/www.messinaoggi.it\/website\/wp-json\/wp\/v2\/media?parent=196202"}],"wp:term":[{"taxonomy":"category","embeddable":true,"href":"https:\/\/www.messinaoggi.it\/website\/wp-json\/wp\/v2\/categories?post=196202"},{"taxonomy":"post_tag","embeddable":true,"href":"https:\/\/www.messinaoggi.it\/website\/wp-json\/wp\/v2\/tags?post=196202"}],"curies":[{"name":"wp","href":"https:\/\/api.w.org\/{rel}","templated":true}]}}