{"id":196153,"date":"2024-04-29T17:08:06","date_gmt":"2024-04-29T15:08:06","guid":{"rendered":"https:\/\/www.messinaoggi.it\/website\/2024\/04\/29\/europee-tajani-apriamo-le-porte-per-essere-la-famiglia-dei-popolari\/"},"modified":"2024-04-29T17:08:06","modified_gmt":"2024-04-29T15:08:06","slug":"europee-tajani-apriamo-le-porte-per-essere-la-famiglia-dei-popolari","status":"publish","type":"post","link":"https:\/\/www.messinaoggi.it\/website\/2024\/04\/29\/europee-tajani-apriamo-le-porte-per-essere-la-famiglia-dei-popolari\/","title":{"rendered":"Europee, Tajani \u201cApriamo le porte per essere la famiglia dei popolari\u201d"},"content":{"rendered":"<div>ROMA (ITALPRESS) &#8211; Quello che firmiamo &#8220;\u00e8 un documento che \u00e8 l&#8217;inizio di un percorso. Ho preso l&#8217;impegno di spalancare le porte del partito per far si che Forza Italia possa diventare la famiglia dei popolari perch\u00e8 nel nostro Paese c&#8217;\u00e8 bisogno, in un momento difficile a livello internazionale, di dare sicurezza ai nostri concittadini. C&#8217;\u00e8 bisogno di donne e uomini che siano ottimisti verso il futuro&#8221;. Cos\u00ec il vicepremier e segretario nazionale di Forza Italia, Antonio Tajani, in conferenza stampa con le forze civiche moderate aderenti al Ppe. &#8220;Se vogliamo veramente rendere un servizio all&#8217;Italia, dobbiamo spiegare ai nostri concittadini che il voto pi\u00f9 utile \u00e8 quello a Forza Italia. In Europa la prima forza politica \u00e8 il Ppe e pi\u00f9 siamo forti all&#8217;interno del Partito popolare europeo e pi\u00f9 possiamo incidere. Si possono anche cambiare le maggioranze ma sempre con la guida del Ppe&#8221;, ha aggiunto sottolineando poi come &#8220;per queste europee ho fissato l&#8217;obiettivo al 10% per poi arrivare al 20% alle prossime politiche, questo per riacquistare lo spazio che va da Giorgia Meloni a Elly Schlein con milioni di persone che oggi non vanno pi\u00f9 a votare&#8221;.<br \/>(ITALPRESS).<br \/>&#8211; Foto: xb1\/Italpress &#8211;<\/div>\n<div id=\"div-gpt-ad-Messinaoggi.it-DSK-300x250-corpoart\" style=\"text-align:center;margin:0 auto;\"><\/div><\/p><div id=\"videoincontent\" style=\"clear:both\";><\/div>","protected":false},"excerpt":{"rendered":"<p>ROMA (ITALPRESS) &#8211; Quello che firmiamo &#8220;\u00e8 un documento che \u00e8 l&#8217;inizio di un percorso. Ho preso l&#8217;impegno di spalancare le porte del partito per far si che Forza Italia possa diventare la famiglia dei popolari perch\u00e8 nel nostro Paese c&#8217;\u00e8 bisogno, in un momento difficile a livello internazionale, di dare sicurezza ai nostri concittadini. [&hellip;]<\/p>\n","protected":false},"author":18,"featured_media":196154,"comment_status":"closed","ping_status":"closed","sticky":false,"template":"","format":"standard","meta":{"ub_ctt_via":"","_mi_skip_tracking":false},"categories":[446],"tags":[783],"featured_image_src":"https:\/\/www.messinaoggi.it\/website\/wp-content\/uploads\/2024\/04\/20240429_0760.jpg","author_info":{"display_name":"Admin","author_link":"https:\/\/www.messinaoggi.it\/website\/author\/admin\/"},"digistream_id":0,"digistream":false,"_links":{"self":[{"href":"https:\/\/www.messinaoggi.it\/website\/wp-json\/wp\/v2\/posts\/196153"}],"collection":[{"href":"https:\/\/www.messinaoggi.it\/website\/wp-json\/wp\/v2\/posts"}],"about":[{"href":"https:\/\/www.messinaoggi.it\/website\/wp-json\/wp\/v2\/types\/post"}],"author":[{"embeddable":true,"href":"https:\/\/www.messinaoggi.it\/website\/wp-json\/wp\/v2\/users\/18"}],"replies":[{"embeddable":true,"href":"https:\/\/www.messinaoggi.it\/website\/wp-json\/wp\/v2\/comments?post=196153"}],"version-history":[{"count":0,"href":"https:\/\/www.messinaoggi.it\/website\/wp-json\/wp\/v2\/posts\/196153\/revisions"}],"wp:featuredmedia":[{"embeddable":true,"href":"https:\/\/www.messinaoggi.it\/website\/wp-json\/wp\/v2\/media\/196154"}],"wp:attachment":[{"href":"https:\/\/www.messinaoggi.it\/website\/wp-json\/wp\/v2\/media?parent=196153"}],"wp:term":[{"taxonomy":"category","embeddable":true,"href":"https:\/\/www.messinaoggi.it\/website\/wp-json\/wp\/v2\/categories?post=196153"},{"taxonomy":"post_tag","embeddable":true,"href":"https:\/\/www.messinaoggi.it\/website\/wp-json\/wp\/v2\/tags?post=196153"}],"curies":[{"name":"wp","href":"https:\/\/api.w.org\/{rel}","templated":true}]}}