{"id":196149,"date":"2024-04-29T15:17:59","date_gmt":"2024-04-29T13:17:59","guid":{"rendered":"https:\/\/www.messinaoggi.it\/website\/2024\/04\/29\/restaurato-il-casolare-peppino-impastato-a-cinisi\/"},"modified":"2024-04-29T15:17:59","modified_gmt":"2024-04-29T13:17:59","slug":"restaurato-il-casolare-peppino-impastato-a-cinisi","status":"publish","type":"post","link":"https:\/\/www.messinaoggi.it\/website\/2024\/04\/29\/restaurato-il-casolare-peppino-impastato-a-cinisi\/","title":{"rendered":"Restaurato il casolare \u201cPeppino Impastato\u201d a Cinisi"},"content":{"rendered":"<div>\n<p>CINISI (PALERMO) (ITALPRESS) \u2013 Restaurato e restituito alla collettivit\u00e0 il casolare \u201cPeppino Impastato\u201d a Cinisi, nel Palermitano, dove il 9 maggio del 1978 l\u2019attivista politico e giornalista venne assassinato dalla mafia. Stamattina la cerimonia di inaugurazione con il presidente della Regione, Renato Schifani, che ha annunciato l\u2019affidamento in comodato d\u2019uso gratuito del sito, simbolo della lotta alla criminalit\u00e0, alle associazioni del territorio impegnate nella salvaguardia della memoria. <br \/>Alla cerimonia erano presenti anche l\u2019assessore regionale ai Beni culturali e la soprintendente di Palermo, il prefetto e il questore di Palermo, il commissario straordinario del Comune di Cinisi, il presidente della commissione regionale Antimafia, numerose autorit\u00e0 civili e militari, oltre ai familiari di Impastato e alle delegazione dell\u2019istituto comprensivo di Cinisi e del plesso di Terrasini del liceo statale di Partinico recentemente intitolato a Peppino e Felicia Impastato. <br \/>Il presidente della Regione si \u00e8 intrattenuto con gli studenti, affrontando il tema della legalit\u00e0 praticata nel quotidiano, e ha rivolto loro un invito a visitare Palazzo d\u2019Orl\u00e8ans.<br \/>Il progetto di recupero dell\u2019immobile e del terreno circostante \u2013 espropriati ed entrati in possesso della Regione nel 2020 \u2013 \u00e8 stato redatto dalla Soprintendenza dei beni culturali di Palermo. I lavori erano stati avviati nel gennaio 2023 e finanziati con risorse del Fondo di sviluppo e coesione 2020-2024 per un importo pari a centocinquantamila euro. Ad eseguirli l\u2019impresa palermitana Scancarello.<br \/>Con questo intervento, \u00e8 stato sottolineato, il governo siciliano ha voluto salvare dal degrado un luogo gi\u00e0 dichiarato di interesse culturale, che ha una forte valenza evocativa, di testimonianza di civilt\u00e0 e di lotta alla criminalit\u00e0, rendendolo uno spazio aperto ai cittadini e tappa di quel \u201cpercorso della memoria\u201d in ricordo delle vittime di mafia che tanti visitatori compiono nel nome della legalit\u00e0.<br \/>Nello specifico, i lavori hanno riguardato il consolidamento della muratura e del fondale con la realizzazione di un vespaio areato perimetrale oltre che degli intonaci esistenti. Si \u00e8 proceduto alla pulitura e all\u2019integrazione delle pavimentazioni esistenti con basole in pietra di Billiemi bocciardate, alla collocazione di infissi in legno, porte d\u2019ingresso e vani finestra e alla realizzazione dell\u2019impianto elettrico. Per quanto riguarda la revisione delle coperture, si \u00e8 provveduto al rifacimento del massetto, all\u2019impermeabilizzazione con malta e al ripristino del soffitto incannucciato a vista. <br \/>All\u2019interno della stalla, al posto della seduta in pietra sulla quale erano rimaste impresse tracce di sangue, si \u00e8 scelto di realizzare un parallelepipedo in policarbonato trasparente. Sulla superficie di uno dei lati, una porzione \u00e8 stata resa manualmente rugosa per fissare simbolicamente quelle macchie, con l\u2019 intento di \u201ccristallizzare l\u2019assenza\u201d.<br \/>\u2013 foto ufficio stampa Regione Siciliana \u2013<br \/>(ITALPRESS).<div id=\"div-gpt-ad-Messinaoggi.it-DSK-300x250-corpoart\" style=\"text-align:center;margin:0 auto;\"><\/div><\/p>\n<\/div>\n<div id=\"videoincontent\" style=\"clear:both\";><\/div>","protected":false},"excerpt":{"rendered":"<p>CINISI (PALERMO) (ITALPRESS) \u2013 Restaurato e restituito alla collettivit\u00e0 il casolare \u201cPeppino Impastato\u201d a Cinisi, nel Palermitano, dove il 9 maggio del 1978 l\u2019attivista politico e giornalista venne assassinato dalla mafia. Stamattina la cerimonia di inaugurazione con il presidente della Regione, Renato Schifani, che ha annunciato l\u2019affidamento in comodato d\u2019uso gratuito del sito, simbolo della [&hellip;]<\/p>\n","protected":false},"author":18,"featured_media":196150,"comment_status":"closed","ping_status":"closed","sticky":false,"template":"","format":"standard","meta":{"ub_ctt_via":"","_mi_skip_tracking":false},"categories":[2449],"tags":[783],"featured_image_src":"https:\/\/www.messinaoggi.it\/website\/wp-content\/uploads\/2024\/04\/20240429_0669.jpg","author_info":{"display_name":"Admin","author_link":"https:\/\/www.messinaoggi.it\/website\/author\/admin\/"},"digistream_id":0,"digistream":false,"_links":{"self":[{"href":"https:\/\/www.messinaoggi.it\/website\/wp-json\/wp\/v2\/posts\/196149"}],"collection":[{"href":"https:\/\/www.messinaoggi.it\/website\/wp-json\/wp\/v2\/posts"}],"about":[{"href":"https:\/\/www.messinaoggi.it\/website\/wp-json\/wp\/v2\/types\/post"}],"author":[{"embeddable":true,"href":"https:\/\/www.messinaoggi.it\/website\/wp-json\/wp\/v2\/users\/18"}],"replies":[{"embeddable":true,"href":"https:\/\/www.messinaoggi.it\/website\/wp-json\/wp\/v2\/comments?post=196149"}],"version-history":[{"count":0,"href":"https:\/\/www.messinaoggi.it\/website\/wp-json\/wp\/v2\/posts\/196149\/revisions"}],"wp:featuredmedia":[{"embeddable":true,"href":"https:\/\/www.messinaoggi.it\/website\/wp-json\/wp\/v2\/media\/196150"}],"wp:attachment":[{"href":"https:\/\/www.messinaoggi.it\/website\/wp-json\/wp\/v2\/media?parent=196149"}],"wp:term":[{"taxonomy":"category","embeddable":true,"href":"https:\/\/www.messinaoggi.it\/website\/wp-json\/wp\/v2\/categories?post=196149"},{"taxonomy":"post_tag","embeddable":true,"href":"https:\/\/www.messinaoggi.it\/website\/wp-json\/wp\/v2\/tags?post=196149"}],"curies":[{"name":"wp","href":"https:\/\/api.w.org\/{rel}","templated":true}]}}