{"id":196147,"date":"2024-04-29T15:08:01","date_gmt":"2024-04-29T13:08:01","guid":{"rendered":"https:\/\/www.messinaoggi.it\/website\/2024\/04\/29\/europee-schlein-chiedero-il-voto-per-il-pd-non-per-me\/"},"modified":"2024-04-29T15:08:01","modified_gmt":"2024-04-29T13:08:01","slug":"europee-schlein-chiedero-il-voto-per-il-pd-non-per-me","status":"publish","type":"post","link":"https:\/\/www.messinaoggi.it\/website\/2024\/04\/29\/europee-schlein-chiedero-il-voto-per-il-pd-non-per-me\/","title":{"rendered":"Europee, Schlein \u201cChieder\u00f2 il voto per il Pd, non per me\u201d"},"content":{"rendered":"<div>ROMA (ITALPRESS) &#8211; &#8220;Chieder\u00f2 il voto non per me, ma per il Pd&#8221;. Lo ha detto Elly Schlein, segretaria del Partito Democratico, a &#8220;Start&#8221; su Sky TG24, in riferimento alla sua candidatura alle elezioni europee.<br \/>&#8220;Credo &#8211; ha aggiunto &#8211; che sia un valore che nel Pd ci sia pluralismo, che non si sia tutti schiacciati dietro il nome Giorgia&#8221;. Nel centrodestra, secondo la segretaria del Pd, &#8220;il programma diventa una persona&#8221;. Nel suo partito, invece, per Schlein, &#8220;\u00e8 la prima volta che si arriva in modo cos\u00ec pacifico alla formazione delle liste&#8221;. &#8220;Le abbiamo votate all&#8217;unanimit\u00e0 &#8211; ha affermato &#8211; e le abbiamo fatte mano nella mano con la minoranza&#8221;.<div id=\"div-gpt-ad-Messinaoggi.it-DSK-300x250-corpoart\" style=\"text-align:center;margin:0 auto;\"><\/div><\/p>\n<p>&#8211; Foto: Agenzia Fotogramma &#8211;<div id=\"videoincontent\" style=\"clear:both\";><\/div><\/p>\n<p>(ITALPRESS).<\/p><\/div>\n","protected":false},"excerpt":{"rendered":"<p>ROMA (ITALPRESS) &#8211; &#8220;Chieder\u00f2 il voto non per me, ma per il Pd&#8221;. Lo ha detto Elly Schlein, segretaria del Partito Democratico, a &#8220;Start&#8221; su Sky TG24, in riferimento alla sua candidatura alle elezioni europee.&#8220;Credo &#8211; ha aggiunto &#8211; che sia un valore che nel Pd ci sia pluralismo, che non si sia tutti schiacciati [&hellip;]<\/p>\n","protected":false},"author":18,"featured_media":196148,"comment_status":"closed","ping_status":"closed","sticky":false,"template":"","format":"standard","meta":{"ub_ctt_via":"","_mi_skip_tracking":false},"categories":[446],"tags":[783],"featured_image_src":"https:\/\/www.messinaoggi.it\/website\/wp-content\/uploads\/2024\/04\/20240429_0745.jpg","author_info":{"display_name":"Admin","author_link":"https:\/\/www.messinaoggi.it\/website\/author\/admin\/"},"digistream_id":0,"digistream":false,"_links":{"self":[{"href":"https:\/\/www.messinaoggi.it\/website\/wp-json\/wp\/v2\/posts\/196147"}],"collection":[{"href":"https:\/\/www.messinaoggi.it\/website\/wp-json\/wp\/v2\/posts"}],"about":[{"href":"https:\/\/www.messinaoggi.it\/website\/wp-json\/wp\/v2\/types\/post"}],"author":[{"embeddable":true,"href":"https:\/\/www.messinaoggi.it\/website\/wp-json\/wp\/v2\/users\/18"}],"replies":[{"embeddable":true,"href":"https:\/\/www.messinaoggi.it\/website\/wp-json\/wp\/v2\/comments?post=196147"}],"version-history":[{"count":0,"href":"https:\/\/www.messinaoggi.it\/website\/wp-json\/wp\/v2\/posts\/196147\/revisions"}],"wp:featuredmedia":[{"embeddable":true,"href":"https:\/\/www.messinaoggi.it\/website\/wp-json\/wp\/v2\/media\/196148"}],"wp:attachment":[{"href":"https:\/\/www.messinaoggi.it\/website\/wp-json\/wp\/v2\/media?parent=196147"}],"wp:term":[{"taxonomy":"category","embeddable":true,"href":"https:\/\/www.messinaoggi.it\/website\/wp-json\/wp\/v2\/categories?post=196147"},{"taxonomy":"post_tag","embeddable":true,"href":"https:\/\/www.messinaoggi.it\/website\/wp-json\/wp\/v2\/tags?post=196147"}],"curies":[{"name":"wp","href":"https:\/\/api.w.org\/{rel}","templated":true}]}}