{"id":19604,"date":"2018-05-19T20:25:23","date_gmt":"2018-05-19T18:25:23","guid":{"rendered":"http:\/\/www.messinaoggi.it\/website\/?p=19604"},"modified":"2018-05-19T20:25:23","modified_gmt":"2018-05-19T18:25:23","slug":"trasporti-e-infrastrutture-incontro-con-lassessore-grasso-e-i-candidati-sindaco-alla-citta-metropolitana","status":"publish","type":"post","link":"https:\/\/www.messinaoggi.it\/website\/2018\/05\/19\/trasporti-e-infrastrutture-incontro-con-lassessore-grasso-e-i-candidati-sindaco-alla-citta-metropolitana\/","title":{"rendered":"Trasporti e infrastrutture, incontro con l&#039;assessore Grasso e i candidati sindaco alla Citt\u00e0 Metropolitana"},"content":{"rendered":"<p style=\"text-align: justify\">Si \u00e8 svolto nel pomeriggio di venerd\u00ec 18 maggio nella sala consiliare della Citt\u00e0 Metropolitana di Messina il convegno dal titolo <em>\u201cInfrastrutture, Trasporti e Mobilit\u00e0 nella Citt\u00e0 Metropolitana di Messina\u201d.<\/em> L\u2019evento \u00e8 stato organizzato da <strong>D.U.O.\u00a0 Onlus<\/strong> con la collaborazione di <strong>Cittadinanza Attiva, Rete Civica e Labormetro<\/strong>. A fare gli onori di casa la presidente di D.U.O. Onlus, <strong>Genny Lello<\/strong>: <em>\u201cMessina \u00e8 una citt\u00e0 dalle grandi potenzialit\u00e0 e pu\u00f2 rappresentare il motore di sviluppo della Sicilia e del sud Italia. Ma dobbiamo essere collegati con l\u2019Europa e tornare ad avere centralit\u00e0 nel mediterraneo\u201d.<\/em><div id=\"div-gpt-ad-Messinaoggi.it-DSK-300x250-corpoart\" style=\"text-align:center;margin:0 auto;\"><\/div><\/p>\n<p style=\"text-align: justify\">Ad introdurre la vicepresidente di D.U.O. Onlus, Assunta Massaro, vi\u00a0 hanno partecipato anche i candidati sindaco, Cateno De Luca, Gaetano Sciacca, Giuseppe Trischitta e gli assessori designati Pino Falzea e Gaetano Cacciola. \u00a0\u00a0Ospite d\u2019onore l\u2019assessore regionale agli Enti Locali, <strong>Bernadette Grasso<\/strong>: <em>\u201cIl Governo Musumeci ha dimostrato di tenere allo sviluppo della Citt\u00e0 Metropolitana di Messina, basti pensare agli sforzi profusi per l\u2019ultimazione dell\u2019iter del Porto di Tremestieri, ma anche la firma sul nuovo contratto di lavoro per le ferrovie. E\u2019 stata intrapresa una strada e noi vogliamo continuare cos\u00ec, ma per farlo \u00e8 necessario che la citt\u00e0 si apra e non guardi pi\u00f9 a se stessa limitandosi ai propri confini ma ragionando in termini metropolitani includendo anche la provincia\u201d.<\/em><div id=\"videoincontent\" style=\"clear:both\";><\/div><\/p>\n<p style=\"text-align: justify\">Gli interventi tecnici sono stati di Michele Limosani, professore ordinario del Dipartimento di Economia di Unime, Tonino Genovese, segretario generale Cisl Messina, Giovanni Frazzica, Rete Civica, ed Emilio Fragale, ex direttore generale del Comune di Messina, Matteo Francilia, candidato sindaco del Comune di Furci \u00a0che hanno sottolineato la necessit\u00e0 che Messina guardi verso l\u2019entroterra siciliano piuttosto che quello reggino, potenziando la propria rete infrastrutturale uscendo dall\u2019isolamento permettendo un miglior collegamento stradale e ferroviaria.\u00a0 Tra i presenti anche Daniela Micali di Rete Civica, Santi Monforte, del dipartimento Mobilit\u00e0 Cisl e Michele Bisignano di Labormetro. Hanno moderato il giornalista Luigi Stancanelli e la presidente di D.U.O. Onlus, Genny Lello.<\/p>\n","protected":false},"excerpt":{"rendered":"<p>Si \u00e8 svolto nel pomeriggio di venerd\u00ec 18 maggio nella sala consiliare della Citt\u00e0 Metropolitana di Messina il convegno dal titolo \u201cInfrastrutture, Trasporti e Mobilit\u00e0 nella Citt\u00e0 Metropolitana di Messina\u201d. L\u2019evento \u00e8 stato organizzato da D.U.O.\u00a0 Onlus con la collaborazione di Cittadinanza Attiva, Rete Civica e Labormetro. A fare gli onori di casa la presidente [&hellip;]<\/p>\n","protected":false},"author":15,"featured_media":19605,"comment_status":"closed","ping_status":"open","sticky":false,"template":"","format":"standard","meta":{"ub_ctt_via":"","_mi_skip_tracking":false},"categories":[5],"tags":[],"featured_image_src":"https:\/\/www.messinaoggi.it\/website\/wp-content\/uploads\/2018\/05\/convegno-1.jpg","author_info":{"display_name":"red.me","author_link":"https:\/\/www.messinaoggi.it\/website\/author\/red-me\/"},"digistream_id":0,"digistream":false,"_links":{"self":[{"href":"https:\/\/www.messinaoggi.it\/website\/wp-json\/wp\/v2\/posts\/19604"}],"collection":[{"href":"https:\/\/www.messinaoggi.it\/website\/wp-json\/wp\/v2\/posts"}],"about":[{"href":"https:\/\/www.messinaoggi.it\/website\/wp-json\/wp\/v2\/types\/post"}],"author":[{"embeddable":true,"href":"https:\/\/www.messinaoggi.it\/website\/wp-json\/wp\/v2\/users\/15"}],"replies":[{"embeddable":true,"href":"https:\/\/www.messinaoggi.it\/website\/wp-json\/wp\/v2\/comments?post=19604"}],"version-history":[{"count":0,"href":"https:\/\/www.messinaoggi.it\/website\/wp-json\/wp\/v2\/posts\/19604\/revisions"}],"wp:featuredmedia":[{"embeddable":true,"href":"https:\/\/www.messinaoggi.it\/website\/wp-json\/wp\/v2\/media\/19605"}],"wp:attachment":[{"href":"https:\/\/www.messinaoggi.it\/website\/wp-json\/wp\/v2\/media?parent=19604"}],"wp:term":[{"taxonomy":"category","embeddable":true,"href":"https:\/\/www.messinaoggi.it\/website\/wp-json\/wp\/v2\/categories?post=19604"},{"taxonomy":"post_tag","embeddable":true,"href":"https:\/\/www.messinaoggi.it\/website\/wp-json\/wp\/v2\/tags?post=19604"}],"curies":[{"name":"wp","href":"https:\/\/api.w.org\/{rel}","templated":true}]}}