{"id":19595,"date":"2018-05-19T17:52:27","date_gmt":"2018-05-19T15:52:27","guid":{"rendered":"http:\/\/www.messinaoggi.it\/website\/?p=19595"},"modified":"2018-05-19T17:52:27","modified_gmt":"2018-05-19T15:52:27","slug":"eleme-arriva-la-risposta-piccata-di-lo-monte-a-saitta-lui-esponente-del-potere","status":"publish","type":"post","link":"https:\/\/www.messinaoggi.it\/website\/2018\/05\/19\/eleme-arriva-la-risposta-piccata-di-lo-monte-a-saitta-lui-esponente-del-potere\/","title":{"rendered":"EleMe, arriva la risposta piccata di Lo Monte a Saitta: &quot;Lui esponente del potere&quot;"},"content":{"rendered":"<p style=\"text-align: justify\">Carmelo Lo Monte risponde ad Antonio Saitta. Il candidato sindaco del centrosinistra aveva ironizzato sulla tormentata adesione della Lega alla coalizione di centrodestra. Immediata la risposta del deputato del Carroccio: &#8220;Nelle parole di Antonio Saitta, riportate nell\u2019articolo apparso sulla stampa locale nella giornata di ieri, si coglie un\u2019 acredine che solitamente non appartiene all\u2019aplomb accademico del professore dell\u2019universit\u00e0 di Messina. Il docente di diritto amministrativo, gi\u00e0 nell\u2019amministrazione guidata da Provvidenti, gi\u00e0 vicesindaco nell\u2019amministrazione guidata da Francantonio Genovese, oggi sostenuto da ex deputati nazionali e regionali di svariate amministrazioni di centrodestra, sembra, come accade nel mito delle due bisacce, essere pi\u00f9 propenso a cogliere i vizi, seppur inesistenti, degli altri, piuttosto che i propri, viceversa vistosi ed ingombranti. Come nel mito, il professore riesce ad intravedere innanzi a se presunti vizi, senza per\u00f2 riuscire a percepire i vizi accumulati alle sue spalle, rappresentati da un passato che lo ha gi\u00e0 visto impegnato nell\u2019amministrazione cittadina, con risultati scadenti, anzi pessimi, e da un presente che lo vede sostenuto da una compagine di refusi del centrodestra, vera casa politica di molti sostenitori del professore che, vittime di insuccessi, hanno avuto travagli ideologici profondissimi che hanno portato cambiamenti di casacca non certo dovuti a caldo ed umidit\u00e0. Ma vi \u00e8 di pi\u00f9, tra i vizi accumulati nel fondo della propria bisaccia, quello che pi\u00f9 difficilmente vede, in quanto, come scrive Esopo, nascosto alle sue spalle, \u00e8 il potere che ha ottenuto e conservato nelle proprie mani per pi\u00f9 di venti anni. Prima accompagnandosi al potere e sfruttandone i vantaggi della prossimit\u00e0, oggi essendo egli stesso portatore di un potere forte. Lo ha sfruttato nella veste di prorettore, durante lo svolgimento delle elezioni regionali e nazionali, che hanno visto il direttore generale e il rettore dell\u2019epoca diventare deputato regionale uno e nazionale l\u2019altro. Tutto ci\u00f2 in virt\u00f9 di consensi ottenuti esclusivamente in base al proprio ruolo apicale all\u2019interno dell\u2019Universit\u00e0. A ci\u00f2 si aggiunga che tale potere apicale all\u2019interno dell\u2019universit\u00e0 \u00e8 stato utilizzato per prorogare, in modo a dir poco sospetto, graduatorie concorsuali in coincidenza dei diversi appuntamenti elettorali, circostanze per le quali appare necessaria ,quantomeno, un\u2019interrogazione parlamentare&#8221;.<div id=\"div-gpt-ad-Messinaoggi.it-DSK-300x250-corpoart\" style=\"text-align:center;margin:0 auto;\"><\/div><\/p>\n<div id=\"videoincontent\" style=\"clear:both\";><\/div>","protected":false},"excerpt":{"rendered":"<p>Carmelo Lo Monte risponde ad Antonio Saitta. Il candidato sindaco del centrosinistra aveva ironizzato sulla tormentata adesione della Lega alla coalizione di centrodestra. Immediata la risposta del deputato del Carroccio: &#8220;Nelle parole di Antonio Saitta, riportate nell\u2019articolo apparso sulla stampa locale nella giornata di ieri, si coglie un\u2019 acredine che solitamente non appartiene all\u2019aplomb accademico [&hellip;]<\/p>\n","protected":false},"author":15,"featured_media":15475,"comment_status":"closed","ping_status":"open","sticky":false,"template":"","format":"standard","meta":{"ub_ctt_via":"","_mi_skip_tracking":false},"categories":[6],"tags":[],"featured_image_src":"https:\/\/www.messinaoggi.it\/website\/wp-content\/uploads\/2018\/02\/lo-monte-RRP_2933-1.jpg","author_info":{"display_name":"red.me","author_link":"https:\/\/www.messinaoggi.it\/website\/author\/red-me\/"},"digistream_id":0,"digistream":false,"_links":{"self":[{"href":"https:\/\/www.messinaoggi.it\/website\/wp-json\/wp\/v2\/posts\/19595"}],"collection":[{"href":"https:\/\/www.messinaoggi.it\/website\/wp-json\/wp\/v2\/posts"}],"about":[{"href":"https:\/\/www.messinaoggi.it\/website\/wp-json\/wp\/v2\/types\/post"}],"author":[{"embeddable":true,"href":"https:\/\/www.messinaoggi.it\/website\/wp-json\/wp\/v2\/users\/15"}],"replies":[{"embeddable":true,"href":"https:\/\/www.messinaoggi.it\/website\/wp-json\/wp\/v2\/comments?post=19595"}],"version-history":[{"count":0,"href":"https:\/\/www.messinaoggi.it\/website\/wp-json\/wp\/v2\/posts\/19595\/revisions"}],"wp:featuredmedia":[{"embeddable":true,"href":"https:\/\/www.messinaoggi.it\/website\/wp-json\/wp\/v2\/media\/15475"}],"wp:attachment":[{"href":"https:\/\/www.messinaoggi.it\/website\/wp-json\/wp\/v2\/media?parent=19595"}],"wp:term":[{"taxonomy":"category","embeddable":true,"href":"https:\/\/www.messinaoggi.it\/website\/wp-json\/wp\/v2\/categories?post=19595"},{"taxonomy":"post_tag","embeddable":true,"href":"https:\/\/www.messinaoggi.it\/website\/wp-json\/wp\/v2\/tags?post=19595"}],"curies":[{"name":"wp","href":"https:\/\/api.w.org\/{rel}","templated":true}]}}